{"id":10086,"date":"2018-03-21T16:36:23","date_gmt":"2018-03-21T19:36:23","guid":{"rendered":"http:\/\/sindesvdf.com.br\/news\/?p=10086"},"modified":"2019-08-20T15:47:21","modified_gmt":"2019-08-20T18:47:21","slug":"atencao-vigilantes-que-prestam-servico-na-secretaria-de-saude-e-que-eram-da-confederal","status":"publish","type":"post","link":"https:\/\/sindesvdf.com.br\/news\/atencao-vigilantes-que-prestam-servico-na-secretaria-de-saude-e-que-eram-da-confederal\/","title":{"rendered":"Aten\u00e7\u00e3o Vigilantes que prestam servi\u00e7o na Secretaria de Sa\u00fade e que eram da Confederal."},"content":{"rendered":"<p class=\"m-2933542184378857386ydpdfb1697dmsonormal\" style=\"background: white; text-align: center;\"><span style=\"font-size: 20px; color: #5c5454;\"><strong><em><span style=\"font-family: Helvetica, sans-serif;\">Informa\u00e7\u00f5es e procedimentos para o pagamento das<br \/>\nverbas rescis\u00f3rias<\/span><\/em><\/strong><\/span><\/p>\n<p><img loading=\"lazy\" decoding=\"async\" class=\"aligncenter wp-image-10089 size-large\" src=\"http:\/\/sindesvdf.com.br\/news\/wp-content\/uploads\/2018\/03\/WhatsApp-Image-2018-01-12-at-15.19.04-790x158.jpeg\" alt=\"\" width=\"750\" height=\"150\" srcset=\"https:\/\/sindesvdf.com.br\/news\/wp-content\/uploads\/2018\/03\/WhatsApp-Image-2018-01-12-at-15.19.04.jpeg 790w, https:\/\/sindesvdf.com.br\/news\/wp-content\/uploads\/2018\/03\/WhatsApp-Image-2018-01-12-at-15.19.04-300x60.jpeg 300w, https:\/\/sindesvdf.com.br\/news\/wp-content\/uploads\/2018\/03\/WhatsApp-Image-2018-01-12-at-15.19.04-768x154.jpeg 768w, https:\/\/sindesvdf.com.br\/news\/wp-content\/uploads\/2018\/03\/WhatsApp-Image-2018-01-12-at-15.19.04-150x30.jpeg 150w, https:\/\/sindesvdf.com.br\/news\/wp-content\/uploads\/2018\/03\/WhatsApp-Image-2018-01-12-at-15.19.04-250x50.jpeg 250w\" sizes=\"auto, (max-width: 750px) 100vw, 750px\" \/><\/p>\n<p class=\"m-2933542184378857386ydpdfb1697dmsonormal\" style=\"background: white; text-align: justify;\"><span style=\"font-size: 18px;\"><span style=\"font-family: Helvetica, sans-serif; color: #222222;\">O\u00a0<\/span><span style=\"font-family: Helvetica, sans-serif; color: #222222;\">Sindicato informa que, conforme determina\u00e7\u00e3o judicial da 9\u00aa Vara do Trabalho, o Banco do Brasil fez a transfer\u00eancia dos valores devidos das verbas rescis\u00f3rias nas contas fornecidas pela Confederal. Esses valores foram estornados, pois a empresa forneceu conta sal\u00e1rio de cada vigilante e nesse tipo de conta, somente a Confederal pode movimentar, n\u00e3o aceitando transfer\u00eancia de terceiros.<\/span><\/span><\/p>\n<p class=\"m-2933542184378857386ydpdfb1697dmsonormal\" style=\"background: white; font-variant-ligatures: normal; font-variant-caps: normal; orphans: 2; text-align: justify; widows: 2; -webkit-text-stroke-width: 0px; text-decoration-style: initial; text-decoration-color: initial; word-spacing: 0px;\"><span style=\"font-size: 18px; font-family: Helvetica, sans-serif; color: #222222;\">Diante disso, o Sindesv-DF convoca todos os trabalhadores para trazerem ao Sindicato, na sala 112, uma c\u00f3pia de uma outra conta pessoal (conta corrente ou poupan\u00e7a) at\u00e9 o dia 26\/03, segunda-feira. Lembramos da urg\u00eancia de trazer esses dados e que a c\u00f3pia da conta ou do cart\u00e3o devem ser bem leg\u00edveis. Queremos agilizar ao m\u00e1ximo esse pagamento.<\/span><\/p>\n<p class=\"m-2933542184378857386ydpdfb1697dmsonormal\" style=\"background: white;\"><strong><span style=\"font-size: 18px; font-family: Helvetica, sans-serif; color: #222222;\">URGENTE \u2013 C\u00f3pia do n\u00famero de conta corrente ou conta poupan\u00e7a<\/span><\/strong><\/p>\n<p class=\"m-2933542184378857386ydpdfb1697dmsonormal\" style=\"background: white; font-variant-ligatures: normal; font-variant-caps: normal; orphans: 2; text-align: start; widows: 2; -webkit-text-stroke-width: 0px; text-decoration-style: initial; text-decoration-color: initial; word-spacing: 0px;\"><strong><span style=\"font-size: 18px; font-family: Helvetica, sans-serif; color: #222222;\">Entregar na sala 112 \u2013 1\u00ba andar \u2013 no Sindicato dos Vigilantes<\/span><\/strong><\/p>\n<p class=\"m-2933542184378857386ydpdfb1697dmsonormal\" style=\"background: white; font-variant-ligatures: normal; font-variant-caps: normal; orphans: 2; text-align: start; widows: 2; -webkit-text-stroke-width: 0px; text-decoration-style: initial; text-decoration-color: initial; word-spacing: 0px;\"><strong><span style=\"font-size: 18px; font-family: Helvetica, sans-serif; color: #222222;\">Hor\u00e1rio: das 7h \u00e0s 18h<\/span><\/strong><\/p>\n<p class=\"m-2933542184378857386ydpdfb1697dmsonormal\" style=\"background: white; font-variant-ligatures: normal; font-variant-caps: normal; orphans: 2; text-align: start; widows: 2; -webkit-text-stroke-width: 0px; text-decoration-style: initial; text-decoration-color: initial; word-spacing: 0px;\"><strong><span style=\"font-size: 18px; font-family: Helvetica, sans-serif; color: #222222;\">Prazo: 22\/03 a 26\/03 (dias \u00fateis) quinta, sexta e segunda-feira.<\/span><\/strong><\/p>\n<p class=\"wpf_wrapper\"><a class=\"print_link\" href=\"\" target=\"_blank\">Preparar para impress\u00e3o<\/a><\/p><!-- .wpf_wrapper -->","protected":false},"excerpt":{"rendered":"<p>Informa\u00e7\u00f5es e procedimentos para o pagamento das verbas rescis\u00f3rias O\u00a0Sindicato informa que, conforme determina\u00e7\u00e3o judicial da 9\u00aa Vara do Trabalho,&hellip; <\/p>\n","protected":false},"author":1,"featured_media":0,"comment_status":"closed","ping_status":"closed","sticky":false,"template":"","format":"standard","meta":{"footnotes":""},"categories":[7],"tags":[],"class_list":["post-10086","post","type-post","status-publish","format-standard","hentry","category-noticias"],"jetpack_featured_media_url":"","_links":{"self":[{"href":"https:\/\/sindesvdf.com.br\/news\/wp-json\/wp\/v2\/posts\/10086","targetHints":{"allow":["GET"]}}],"collection":[{"href":"https:\/\/sindesvdf.com.br\/news\/wp-json\/wp\/v2\/posts"}],"about":[{"href":"https:\/\/sindesvdf.com.br\/news\/wp-json\/wp\/v2\/types\/post"}],"author":[{"embeddable":true,"href":"https:\/\/sindesvdf.com.br\/news\/wp-json\/wp\/v2\/users\/1"}],"replies":[{"embeddable":true,"href":"https:\/\/sindesvdf.com.br\/news\/wp-json\/wp\/v2\/comments?post=10086"}],"version-history":[{"count":9,"href":"https:\/\/sindesvdf.com.br\/news\/wp-json\/wp\/v2\/posts\/10086\/revisions"}],"predecessor-version":[{"id":10097,"href":"https:\/\/sindesvdf.com.br\/news\/wp-json\/wp\/v2\/posts\/10086\/revisions\/10097"}],"wp:attachment":[{"href":"https:\/\/sindesvdf.com.br\/news\/wp-json\/wp\/v2\/media?parent=10086"}],"wp:term":[{"taxonomy":"category","embeddable":true,"href":"https:\/\/sindesvdf.com.br\/news\/wp-json\/wp\/v2\/categories?post=10086"},{"taxonomy":"post_tag","embeddable":true,"href":"https:\/\/sindesvdf.com.br\/news\/wp-json\/wp\/v2\/tags?post=10086"}],"curies":[{"name":"wp","href":"https:\/\/api.w.org\/{rel}","templated":true}]}}