{"id":10169,"date":"2018-04-03T08:17:50","date_gmt":"2018-04-03T11:17:50","guid":{"rendered":"http:\/\/sindesvdf.com.br\/news\/?p=10169"},"modified":"2019-08-20T15:43:01","modified_gmt":"2019-08-20T18:43:01","slug":"comunicado-urgente-para-os-vigilantes-da-brasfort","status":"publish","type":"post","link":"https:\/\/sindesvdf.com.br\/news\/comunicado-urgente-para-os-vigilantes-da-brasfort\/","title":{"rendered":"Comunicado Urgente para os Vigilantes da Brasfort"},"content":{"rendered":"<p><img loading=\"lazy\" decoding=\"async\" class=\"size-medium wp-image-10170 alignleft\" src=\"http:\/\/sindesvdf.com.br\/news\/wp-content\/uploads\/2018\/04\/plat\u00e3o-olho-vivo-quadrado-300x300.png\" alt=\"\" width=\"300\" height=\"300\" srcset=\"https:\/\/sindesvdf.com.br\/news\/wp-content\/uploads\/2018\/04\/plat\u00e3o-olho-vivo-quadrado-300x300.png 300w, https:\/\/sindesvdf.com.br\/news\/wp-content\/uploads\/2018\/04\/plat\u00e3o-olho-vivo-quadrado-150x150.png 150w, https:\/\/sindesvdf.com.br\/news\/wp-content\/uploads\/2018\/04\/plat\u00e3o-olho-vivo-quadrado-768x768.png 768w, https:\/\/sindesvdf.com.br\/news\/wp-content\/uploads\/2018\/04\/plat\u00e3o-olho-vivo-quadrado-790x790.png 790w, https:\/\/sindesvdf.com.br\/news\/wp-content\/uploads\/2018\/04\/plat\u00e3o-olho-vivo-quadrado.png 1201w\" sizes=\"auto, (max-width: 300px) 100vw, 300px\" \/><\/p>\n<p><span style=\"font-size: 18px;\">O Sindicato dos Vigilantes do DF comunica que a <strong>Brasfort Empresa de Seguran\u00e7a Ltda<\/strong>, ao contr\u00e1rio de outras empresas, resolveu por sua pr\u00f3pria vontade suspender o repasse do plano de sa\u00fade, seja o valor pago pelo tomador de servi\u00e7os, seja o valor descontado em folha pelo vigilante. Valor esse que o empregado autorizou o desconto para o pagamento do plano de sa\u00fade.<\/span><\/p>\n<p><span style=\"font-size: 18px;\">Como o sindicato n\u00e3o possui condi\u00e7\u00f5es de custear o plano de sa\u00fade sem o repasse que deveria ser feito pela Brasfort solicitamos o seguinte:<\/span><\/p>\n<ol>\n<li><span style=\"font-size: 18px;\">que os vigilantes que possuem o plano de sa\u00fade, compare\u00e7am ao sindicato at\u00e9 o dia <strong>10 de abril de 2018, pr\u00f3xima ter\u00e7a-feira<\/strong> para efetuar o pagamento do valor que a Brasfort deveria descontar e repassar;<\/span><\/li>\n<li><span style=\"font-size: 18px;\">este pagamento \u00e9 necess\u00e1rio para n\u00e3o haver exclus\u00e3o dos benefici\u00e1rios que est\u00e3o em tratamento m\u00e9dico e assim ter\u00e3o a op\u00e7\u00e3o de fazerem os pagamentos de suas parcelas diretamente ao sindicato;<\/span><\/li>\n<li><span style=\"font-size: 18px;\">a falta de pagamento do plano de sa\u00fade implicar\u00e1 na suspens\u00e3o do atendimento;<\/span><\/li>\n<li><span style=\"font-size: 18px;\">mais informa\u00e7\u00f5es entrar em contato no setor do plano de sa\u00fade:<br \/>\n<strong>3224-2052 (ramal 217),<br \/>\n3322-2233,<br \/>\n3322-4002<br \/>\nou <a href=\"mailto:planodesaudesindesv@gmail.com\">planodesaudesindesv@gmail.com<\/a><\/strong><\/span><\/li>\n<\/ol>\n<p style=\"text-align: center;\"><em>A DIRE\u00c7\u00c3O<\/em><\/p>\n<p class=\"wpf_wrapper\"><a class=\"print_link\" href=\"\" target=\"_blank\">Preparar para impress\u00e3o<\/a><\/p><!-- .wpf_wrapper -->","protected":false},"excerpt":{"rendered":"<p>O Sindicato dos Vigilantes do DF comunica que a Brasfort Empresa de Seguran\u00e7a Ltda, ao contr\u00e1rio de outras empresas, resolveu&hellip; <\/p>\n","protected":false},"author":1,"featured_media":0,"comment_status":"closed","ping_status":"closed","sticky":false,"template":"","format":"standard","meta":{"footnotes":""},"categories":[7],"tags":[],"class_list":["post-10169","post","type-post","status-publish","format-standard","hentry","category-noticias"],"jetpack_featured_media_url":"","_links":{"self":[{"href":"https:\/\/sindesvdf.com.br\/news\/wp-json\/wp\/v2\/posts\/10169","targetHints":{"allow":["GET"]}}],"collection":[{"href":"https:\/\/sindesvdf.com.br\/news\/wp-json\/wp\/v2\/posts"}],"about":[{"href":"https:\/\/sindesvdf.com.br\/news\/wp-json\/wp\/v2\/types\/post"}],"author":[{"embeddable":true,"href":"https:\/\/sindesvdf.com.br\/news\/wp-json\/wp\/v2\/users\/1"}],"replies":[{"embeddable":true,"href":"https:\/\/sindesvdf.com.br\/news\/wp-json\/wp\/v2\/comments?post=10169"}],"version-history":[{"count":7,"href":"https:\/\/sindesvdf.com.br\/news\/wp-json\/wp\/v2\/posts\/10169\/revisions"}],"predecessor-version":[{"id":10184,"href":"https:\/\/sindesvdf.com.br\/news\/wp-json\/wp\/v2\/posts\/10169\/revisions\/10184"}],"wp:attachment":[{"href":"https:\/\/sindesvdf.com.br\/news\/wp-json\/wp\/v2\/media?parent=10169"}],"wp:term":[{"taxonomy":"category","embeddable":true,"href":"https:\/\/sindesvdf.com.br\/news\/wp-json\/wp\/v2\/categories?post=10169"},{"taxonomy":"post_tag","embeddable":true,"href":"https:\/\/sindesvdf.com.br\/news\/wp-json\/wp\/v2\/tags?post=10169"}],"curies":[{"name":"wp","href":"https:\/\/api.w.org\/{rel}","templated":true}]}}