{"id":10354,"date":"2018-04-16T15:04:32","date_gmt":"2018-04-16T18:04:32","guid":{"rendered":"http:\/\/sindesvdf.com.br\/news\/?p=10354"},"modified":"2019-08-20T16:25:25","modified_gmt":"2019-08-20T19:25:25","slug":"reforma-trabalhista-empurra-pais-para-a-pobreza-diz-associacao-de-juizes","status":"publish","type":"post","link":"https:\/\/sindesvdf.com.br\/news\/reforma-trabalhista-empurra-pais-para-a-pobreza-diz-associacao-de-juizes\/","title":{"rendered":"Reforma trabalhista empurra pa\u00eds para a pobreza, diz associa\u00e7\u00e3o de ju\u00edzes"},"content":{"rendered":"<p style=\"text-align: justify;\"><span style=\"font-size: 18px;\"><img loading=\"lazy\" decoding=\"async\" class=\"aligncenter size-large wp-image-10356\" src=\"http:\/\/sindesvdf.com.br\/news\/wp-content\/uploads\/2018\/04\/700_-16-04-18-01-790x451.jpg\" alt=\"\" width=\"790\" height=\"451\" srcset=\"https:\/\/sindesvdf.com.br\/news\/wp-content\/uploads\/2018\/04\/700_-16-04-18-01-790x451.jpg 790w, https:\/\/sindesvdf.com.br\/news\/wp-content\/uploads\/2018\/04\/700_-16-04-18-01-300x171.jpg 300w, https:\/\/sindesvdf.com.br\/news\/wp-content\/uploads\/2018\/04\/700_-16-04-18-01-768x439.jpg 768w, https:\/\/sindesvdf.com.br\/news\/wp-content\/uploads\/2018\/04\/700_-16-04-18-01-150x86.jpg 150w, https:\/\/sindesvdf.com.br\/news\/wp-content\/uploads\/2018\/04\/700_-16-04-18-01-250x143.jpg 250w\" sizes=\"auto, (max-width: 790px) 100vw, 790px\" \/><\/span><\/p>\n<p style=\"text-align: justify;\"><span style=\"font-size: 18px;\">Para a diretora\u00a0de Cidadania e Direitos Humanos da Associa\u00e7\u00e3o Nacional dos Magistrados da Justi\u00e7a do Trabalho (Anamatra), Luciana Conforti, a Lei 13.467,\u00a0<a href=\"http:\/\/www.redebrasilatual.com.br\/trabalho\/2018\/04\/era-uma-vez-uma-mp-a-nova-lei-trabalhista-nao-vai-mudar\">de &#8220;reforma&#8221; trabalhista<\/a>, vai acelerar o caminho do pa\u00eds para a pobreza extrema e a desigualdade social. A an\u00e1lise \u00e9 feita com base em dados divulgados nesta semana por uma consultoria (LCA), amparada com informa\u00e7\u00f5es do IBGE, demonstrando que de 2016 para 2017 cresceu (11%) o n\u00famero de brasileiros em situa\u00e7\u00e3o de pobreza: no ano passado, eram mais de 7%, o equivalente a 14,8 milh\u00f5es de pessoas.<\/span><\/p>\n<p style=\"text-align: justify;\"><span style=\"font-size: 18px;\"><em>&#8220;O trabalho intermitente ou contrato a zero hora n\u00e3o garante uma renda m\u00ednima e digna para que o trabalhador possa fazer face \u00e0s suas necessidades mais b\u00e1sicas&#8221;<\/em>, afirma a magistrada. Ela acredita que, com as mudan\u00e7as trazidas pela lei, os \u00edndices de pobreza e desigualdade ser\u00e3o acentuados.\u00a0Luciana chama a aten\u00e7\u00e3o ainda para o <em>&#8220;estancamento&#8221;<\/em> da redu\u00e7\u00e3o da desigualdade no pa\u00eds, onde mais de 20% da renda se concentra no 1% da popula\u00e7\u00e3o mais rica.\u00a0\u00a0<\/span><\/p>\n<p style=\"text-align: justify;\"><span style=\"font-size: 18px;\">A Anamatra destaca ainda que o crescimento de postos de trabalho no Brasil, em 12 meses, deve-se basicamente ao mercado informal. De acordo com o IBGE, foram criadas 1,848 milh\u00e3o de vagas em 12 meses, at\u00e9 janeiro, mas essa expans\u00e3o vem do\u00a0<a href=\"http:\/\/www.redebrasilatual.com.br\/economia\/2018\/02\/emprego-informal-cresce-e-vagas-com-carteira-diminuem\">emprego sem carteira (986 mil) e do trabalho por conta pr\u00f3pria (581 mil).<\/a><\/span><\/p>\n<p style=\"text-align: justify;\"><span style=\"font-size: 18px;\">O presidente da associa\u00e7\u00e3o, Guilherme Feliciano, afirma que a situa\u00e7\u00e3o econ\u00f4mica <em>&#8220;p\u00f5e em xeque&#8221;<\/em> a reforma trabalhista, particularmente nas propostas que preveem modalidades prec\u00e1rias de contrata\u00e7\u00e3o.<em> &#8220;A presta\u00e7\u00e3o de servi\u00e7os de aut\u00f4nomo exclusivo implica em informalidade e o contrato de trabalho intermitente, se permite inflar as estat\u00edsticas do emprego formal, pode ser vazio de conte\u00fado, autorizando meses de contrata\u00e7\u00e3o sem qualquer sal\u00e1rio. Na pr\u00e1tica, em situa\u00e7\u00f5es como esta, a condi\u00e7\u00e3o social ser\u00e1 a mesma de um trabalhador informal\u201d,<\/em> critica.\u00a0<\/span><\/p>\n<p style=\"text-align: right;\"><span style=\"color: #ff0000;\">Fonte: Rede Brasil Atual<\/span><\/p>\n<p>&nbsp;<\/p>\n<hr \/>\n<p style=\"text-align: center;\"><span style=\"color: #ff0000;\"><strong>SindesvDF<\/strong> <\/span>&#8211; <em>Sempre Vigilante em Defesa da Categoria<\/em><\/p>\n<p class=\"wpf_wrapper\"><a class=\"print_link\" href=\"\" target=\"_blank\">Preparar para impress\u00e3o<\/a><\/p><!-- .wpf_wrapper -->","protected":false},"excerpt":{"rendered":"<p>Para a diretora\u00a0de Cidadania e Direitos Humanos da Associa\u00e7\u00e3o Nacional dos Magistrados da Justi\u00e7a do Trabalho (Anamatra), Luciana Conforti, a&hellip; <\/p>\n","protected":false},"author":1,"featured_media":10356,"comment_status":"closed","ping_status":"closed","sticky":false,"template":"","format":"standard","meta":{"footnotes":""},"categories":[112],"tags":[],"class_list":["post-10354","post","type-post","status-publish","format-standard","has-post-thumbnail","hentry","category-as-reformas-do-mal"],"jetpack_featured_media_url":"https:\/\/sindesvdf.com.br\/news\/wp-content\/uploads\/2018\/04\/700_-16-04-18-01.jpg","_links":{"self":[{"href":"https:\/\/sindesvdf.com.br\/news\/wp-json\/wp\/v2\/posts\/10354","targetHints":{"allow":["GET"]}}],"collection":[{"href":"https:\/\/sindesvdf.com.br\/news\/wp-json\/wp\/v2\/posts"}],"about":[{"href":"https:\/\/sindesvdf.com.br\/news\/wp-json\/wp\/v2\/types\/post"}],"author":[{"embeddable":true,"href":"https:\/\/sindesvdf.com.br\/news\/wp-json\/wp\/v2\/users\/1"}],"replies":[{"embeddable":true,"href":"https:\/\/sindesvdf.com.br\/news\/wp-json\/wp\/v2\/comments?post=10354"}],"version-history":[{"count":6,"href":"https:\/\/sindesvdf.com.br\/news\/wp-json\/wp\/v2\/posts\/10354\/revisions"}],"predecessor-version":[{"id":10361,"href":"https:\/\/sindesvdf.com.br\/news\/wp-json\/wp\/v2\/posts\/10354\/revisions\/10361"}],"wp:featuredmedia":[{"embeddable":true,"href":"https:\/\/sindesvdf.com.br\/news\/wp-json\/wp\/v2\/media\/10356"}],"wp:attachment":[{"href":"https:\/\/sindesvdf.com.br\/news\/wp-json\/wp\/v2\/media?parent=10354"}],"wp:term":[{"taxonomy":"category","embeddable":true,"href":"https:\/\/sindesvdf.com.br\/news\/wp-json\/wp\/v2\/categories?post=10354"},{"taxonomy":"post_tag","embeddable":true,"href":"https:\/\/sindesvdf.com.br\/news\/wp-json\/wp\/v2\/tags?post=10354"}],"curies":[{"name":"wp","href":"https:\/\/api.w.org\/{rel}","templated":true}]}}