{"id":10419,"date":"2018-04-18T13:06:20","date_gmt":"2018-04-18T16:06:20","guid":{"rendered":"http:\/\/sindesvdf.com.br\/news\/?p=10419"},"modified":"2018-04-26T17:13:43","modified_gmt":"2018-04-26T20:13:43","slug":"escola-franciscana-fatima","status":"publish","type":"post","link":"https:\/\/sindesvdf.com.br\/news\/escola-franciscana-fatima\/","title":{"rendered":"Escola Franciscana F\u00c1TIMA  (Ber\u00e7\u00e1rio ao Ensino M\u00e9dio)"},"content":{"rendered":"<p style=\"text-align: center;\"><a href=\"http:\/\/www.escolafatima.g12.br\/portal\/portal\/index.php\" target=\"_blank\" rel=\"noopener noreferrer\"><img loading=\"lazy\" decoding=\"async\" class=\"aligncenter wp-image-5401\" src=\"http:\/\/sindesvdf.com.br\/news\/wp-content\/uploads\/2014\/05\/logo_fatima-e1453815640251.png\" alt=\"logo_fatima\" width=\"220\" height=\"84\" \/><\/a><a href=\"http:\/\/www.escolafatima.g12.br\/portal\/portal\/index.php\" target=\"_blank\" rel=\"noopener noreferrer\">escolafatima.g12.br<\/a><\/p>\n<p>Ber\u00e7\u00e1rio (a partir dos quatro meses), Educa\u00e7\u00e3o Infantil (a partir de 1 ano e 2 meses &#8211; com turno integral), Ensino Fundamental\u00a0 (1\u00ba ao 5\u00ba ano e 6\u00ba ao 9\u00ba ano \u2013 matutino e ou integral) e Ensino M\u00e9dio (matutino) &#8211; com <strong>descontos de 15<\/strong><strong>% <\/strong>para o Vigilante filiado ao Sindicato e seus dependentes.<\/p>\n<p><strong>Asa Sul<br \/>\n(61) 3442-8670<br \/>\n<\/strong>SGAS 906, Bloco &#8220;F&#8221;\u00a0&#8211;\u00a0Avenida W5<\/p>\n<p style=\"text-align: center;\"><span style=\"color: #ff0000; font-size: 16px;\"><strong><em>Para efetuar a matr\u00edcula\u00a0PEGAR AUTORIZA\u00c7\u00c3O NO SINDICATO e apresentar juntamente com a CARTEIRINHA na secretaria da Escola<\/em><\/strong><\/span><\/p>\n<p class=\"wpf_wrapper\"><a class=\"print_link\" href=\"\" target=\"_blank\">Preparar para impress\u00e3o<\/a><\/p><!-- .wpf_wrapper -->","protected":false},"excerpt":{"rendered":"<p>escolafatima.g12.br Ber\u00e7\u00e1rio (a partir dos quatro meses), Educa\u00e7\u00e3o Infantil (a partir de 1 ano e 2 meses &#8211; com turno&hellip; <\/p>\n","protected":false},"author":1,"featured_media":10456,"comment_status":"closed","ping_status":"closed","sticky":false,"template":"","format":"standard","meta":{"footnotes":""},"categories":[131],"tags":[],"class_list":["post-10419","post","type-post","status-publish","format-standard","has-post-thumbnail","hentry","category-parcerias_colegios_cursos"],"jetpack_featured_media_url":"https:\/\/sindesvdf.com.br\/news\/wp-content\/uploads\/2018\/04\/Fatima.png","_links":{"self":[{"href":"https:\/\/sindesvdf.com.br\/news\/wp-json\/wp\/v2\/posts\/10419","targetHints":{"allow":["GET"]}}],"collection":[{"href":"https:\/\/sindesvdf.com.br\/news\/wp-json\/wp\/v2\/posts"}],"about":[{"href":"https:\/\/sindesvdf.com.br\/news\/wp-json\/wp\/v2\/types\/post"}],"author":[{"embeddable":true,"href":"https:\/\/sindesvdf.com.br\/news\/wp-json\/wp\/v2\/users\/1"}],"replies":[{"embeddable":true,"href":"https:\/\/sindesvdf.com.br\/news\/wp-json\/wp\/v2\/comments?post=10419"}],"version-history":[{"count":3,"href":"https:\/\/sindesvdf.com.br\/news\/wp-json\/wp\/v2\/posts\/10419\/revisions"}],"predecessor-version":[{"id":10637,"href":"https:\/\/sindesvdf.com.br\/news\/wp-json\/wp\/v2\/posts\/10419\/revisions\/10637"}],"wp:featuredmedia":[{"embeddable":true,"href":"https:\/\/sindesvdf.com.br\/news\/wp-json\/wp\/v2\/media\/10456"}],"wp:attachment":[{"href":"https:\/\/sindesvdf.com.br\/news\/wp-json\/wp\/v2\/media?parent=10419"}],"wp:term":[{"taxonomy":"category","embeddable":true,"href":"https:\/\/sindesvdf.com.br\/news\/wp-json\/wp\/v2\/categories?post=10419"},{"taxonomy":"post_tag","embeddable":true,"href":"https:\/\/sindesvdf.com.br\/news\/wp-json\/wp\/v2\/tags?post=10419"}],"curies":[{"name":"wp","href":"https:\/\/api.w.org\/{rel}","templated":true}]}}