{"id":10429,"date":"2018-04-18T13:31:50","date_gmt":"2018-04-18T16:31:50","guid":{"rendered":"http:\/\/sindesvdf.com.br\/news\/?p=10429"},"modified":"2018-04-19T14:51:23","modified_gmt":"2018-04-19T17:51:23","slug":"udf-centro-universitario","status":"publish","type":"post","link":"https:\/\/sindesvdf.com.br\/news\/udf-centro-universitario\/","title":{"rendered":"UDF &#8211; Centro Universit\u00e1rio"},"content":{"rendered":"<p style=\"text-align: center;\"><a href=\"http:\/\/www.udf.edu.br\/\" target=\"_blank\" rel=\"noopener noreferrer\"><img loading=\"lazy\" decoding=\"async\" class=\"aligncenter wp-image-6999\" src=\"http:\/\/sindesvdf.com.br\/news\/wp-content\/uploads\/2014\/05\/Logo-UDF.jpg\" width=\"300\" height=\"141\" srcset=\"https:\/\/sindesvdf.com.br\/news\/wp-content\/uploads\/2014\/05\/Logo-UDF.jpg 550w, https:\/\/sindesvdf.com.br\/news\/wp-content\/uploads\/2014\/05\/Logo-UDF-300x141.jpg 300w, https:\/\/sindesvdf.com.br\/news\/wp-content\/uploads\/2014\/05\/Logo-UDF-250x117.jpg 250w, https:\/\/sindesvdf.com.br\/news\/wp-content\/uploads\/2014\/05\/Logo-UDF-150x70.jpg 150w\" sizes=\"auto, (max-width: 300px) 100vw, 300px\" \/><\/a><a href=\"http:\/\/www.udf.edu.br\/\" target=\"_blank\" rel=\"noopener noreferrer\">udf.edu.br<\/a><\/p>\n<p style=\"text-align: left;\"><strong>Aten\u00e7\u00e3o Vigilantes filiados ao Sindicato\u00a0e seus dependentes.<\/strong><\/p>\n<p>Agora voc\u00eas j\u00e1 podem usufruir de vantagens exclusivas para estudar no Centro Universit\u00e1rio <strong>UDF<\/strong>, confira:<\/p>\n<ul>\n<li><strong>GRADUA\u00c7\u00c3O PRESENCIAL <\/strong>(Bacharel, Licenciatura e Gradua\u00e7\u00e3o Tecnol\u00f3gica). <strong>Matricula isenta <\/strong>+ 10% de desconto at\u00e9 o final do curso<\/li>\n<li><strong>GRADUA\u00c7\u00c3O EAD<\/strong> \u2013 <strong>Matricula R$ 49,00 + 30% de desconto para calouros at\u00e9 o final do curso.<\/strong><\/li>\n<li><strong>P\u00d3S-GRADUA\u00c7\u00c3O PRESENCIAL ou EAD (Especializa\u00e7\u00e3o latu sensu<\/strong> ou MBA) &#8211;\u00a0 <strong>Matricula R$ 90,00 + 20%<\/strong> de desconto.<\/li>\n<\/ul>\n<p><strong>\u00a0<\/strong><strong>ISEN\u00c7\u00c3O DA TAXA DE INSCRI\u00c7\u00c3O DO VESTIBULAR<\/strong> (<strong>PRESENCIAL ou EAD<\/strong>)<strong><em> &#8211;<\/em><\/strong> Ao realizar a inscri\u00e7\u00e3o no site <a href=\"http:\/\/www.udf.edu.br\/\" data-saferedirecturl=\"https:\/\/www.google.com\/url?hl=pt-BR&amp;q=http:\/\/www.udf.edu.br&amp;source=gmail&amp;ust=1486032467997000&amp;usg=AFQjCNFbWktqQQEEkhdcR9zvAXkl8XXc2g\">www.udf.edu.br<\/a> <strong><em>digitar o c\u00f3digo: <\/em><\/strong><span style=\"background-color: #ffff00;\"><strong><em>EMPRESADF<\/em><\/strong><\/span><strong>.<\/strong><\/p>\n<p><strong>Benef\u00edcios extensivos aos dependentes<\/strong><\/p>\n<p><strong>Para agendar prova ou obter mais informa\u00e7\u00f5es, entre em contato com nossos consultores educacionais:<\/strong><\/p>\n<p><strong>(61) 3704-8881 |\u00a08832-8829<\/strong><\/p>\n<p><strong>Nithia Nanda: (61) 98480-0924<br \/>\nAlexandre Almeida: (61) 98156-3750<br \/>\nJuscelina Moraes: (61) 99519-4338<br \/>\nEdilaine Oliveira: (61) 98526-5329<\/strong><\/p>\n<ul>\n<li><em>Os benef\u00edcios acima citados contemplam apenas alunos ingressantes.<\/em><\/li>\n<li><em>Candidatos interessados devem solicitar os benef\u00edcios antes de efetuar a matr\u00edcula.<\/em><\/li>\n<\/ul>\n<p style=\"text-align: center;\"><span style=\"font-size: 16px; color: #ff0000;\"><strong><em>Para efetuar a matr\u00edcula\u00a0PEGAR AUTORIZA\u00c7\u00c3O NO SINDICATO<\/em><\/strong><\/span><\/p>\n<p class=\"wpf_wrapper\"><a class=\"print_link\" href=\"\" target=\"_blank\">Preparar para impress\u00e3o<\/a><\/p><!-- .wpf_wrapper -->","protected":false},"excerpt":{"rendered":"<p>udf.edu.br Aten\u00e7\u00e3o Vigilantes filiados ao Sindicato\u00a0e seus dependentes. Agora voc\u00eas j\u00e1 podem usufruir de vantagens exclusivas para estudar no Centro&hellip; <\/p>\n","protected":false},"author":1,"featured_media":10467,"comment_status":"closed","ping_status":"closed","sticky":false,"template":"","format":"standard","meta":{"footnotes":""},"categories":[130],"tags":[],"class_list":["post-10429","post","type-post","status-publish","format-standard","has-post-thumbnail","hentry","category-parcerias_faculdades"],"jetpack_featured_media_url":"https:\/\/sindesvdf.com.br\/news\/wp-content\/uploads\/2018\/04\/UDF.png","_links":{"self":[{"href":"https:\/\/sindesvdf.com.br\/news\/wp-json\/wp\/v2\/posts\/10429","targetHints":{"allow":["GET"]}}],"collection":[{"href":"https:\/\/sindesvdf.com.br\/news\/wp-json\/wp\/v2\/posts"}],"about":[{"href":"https:\/\/sindesvdf.com.br\/news\/wp-json\/wp\/v2\/types\/post"}],"author":[{"embeddable":true,"href":"https:\/\/sindesvdf.com.br\/news\/wp-json\/wp\/v2\/users\/1"}],"replies":[{"embeddable":true,"href":"https:\/\/sindesvdf.com.br\/news\/wp-json\/wp\/v2\/comments?post=10429"}],"version-history":[{"count":1,"href":"https:\/\/sindesvdf.com.br\/news\/wp-json\/wp\/v2\/posts\/10429\/revisions"}],"predecessor-version":[{"id":10430,"href":"https:\/\/sindesvdf.com.br\/news\/wp-json\/wp\/v2\/posts\/10429\/revisions\/10430"}],"wp:featuredmedia":[{"embeddable":true,"href":"https:\/\/sindesvdf.com.br\/news\/wp-json\/wp\/v2\/media\/10467"}],"wp:attachment":[{"href":"https:\/\/sindesvdf.com.br\/news\/wp-json\/wp\/v2\/media?parent=10429"}],"wp:term":[{"taxonomy":"category","embeddable":true,"href":"https:\/\/sindesvdf.com.br\/news\/wp-json\/wp\/v2\/categories?post=10429"},{"taxonomy":"post_tag","embeddable":true,"href":"https:\/\/sindesvdf.com.br\/news\/wp-json\/wp\/v2\/tags?post=10429"}],"curies":[{"name":"wp","href":"https:\/\/api.w.org\/{rel}","templated":true}]}}