{"id":10439,"date":"2018-04-18T13:44:39","date_gmt":"2018-04-18T16:44:39","guid":{"rendered":"http:\/\/sindesvdf.com.br\/news\/?p=10439"},"modified":"2018-06-25T16:48:26","modified_gmt":"2018-06-25T19:48:26","slug":"uninter-centro-universitario","status":"publish","type":"post","link":"https:\/\/sindesvdf.com.br\/news\/uninter-centro-universitario\/","title":{"rendered":"UNINTER &#8211; Centro Universit\u00e1rio"},"content":{"rendered":"<p style=\"text-align: center;\"><a href=\"https:\/\/www.uninter.com\/\" target=\"_blank\" rel=\"noopener\"><img loading=\"lazy\" decoding=\"async\" class=\"alignnone wp-image-11245\" src=\"http:\/\/sindesvdf.com.br\/news\/wp-content\/uploads\/2018\/04\/uninter-152x300.jpg\" alt=\"\" width=\"600\" height=\"1184\" srcset=\"https:\/\/sindesvdf.com.br\/news\/wp-content\/uploads\/2018\/04\/uninter-152x300.jpg 152w, https:\/\/sindesvdf.com.br\/news\/wp-content\/uploads\/2018\/04\/uninter-400x790.jpg 400w, https:\/\/sindesvdf.com.br\/news\/wp-content\/uploads\/2018\/04\/uninter-76x150.jpg 76w, https:\/\/sindesvdf.com.br\/news\/wp-content\/uploads\/2018\/04\/uninter.jpg 700w\" sizes=\"auto, (max-width: 600px) 100vw, 600px\" \/><\/a><\/p>\n<p><strong><span style=\"font-size: 18px;\"><span style=\"color: #333399;\"><em>Central de Atendimento<\/em><\/span><\/span><\/strong><span style=\"font-size: 18px;\"><span style=\"color: #333399;\"><em> &#8211;<\/em><\/span><\/span><strong><span style=\"font-size: 18px;\"><span style=\"color: #333399;\"><em>\u00a0<\/em><\/span>0800 702 0500<\/span><\/strong><\/p>\n<p style=\"text-align: left;\"><strong><span style=\"color: #333399; font-size: 18px;\"><em>Polos Distrito Federal:<\/em><\/span><\/strong><\/p>\n<p><span style=\"font-size: 16px;\"><strong>Asa Norte<\/strong>\u00a0&#8211;\u00a0<strong>(61)<\/strong><\/span><strong>\u00a03273-2962 |\u00a03272-7678<br \/>\n<\/strong><span style=\"font-size: 16px;\"><span class=\"tel\">SCRN 708\/709, Bloco D, Loja 1, 2 e 3<\/span><strong><span class=\"tel\"><br \/>\n<\/span><\/strong><\/span><\/p>\n<p><strong><span style=\"font-size: 16px;\">Asa Sul\u00a0<\/span>&#8211;\u00a0<\/strong><strong>(61) 3242-6359 |\u00a03244-8681<\/strong><strong><span class=\"tel\"><br \/>\n<\/span><\/strong><span class=\"tel\">SGAS II, Quadra 606, Conjunto F<\/span><strong><span class=\"tel\"><br \/>\n<\/span><\/strong><\/p>\n<p><strong>Santa Maria &#8211;\u00a0<\/strong><strong>(61) 3394-9855 | 3394-0194<\/strong><strong><span class=\"tel\"><br \/>\n<\/span><\/strong><span class=\"tel\">CL 114, Bloco D, s\/n, 5\u00ba andar<\/span><strong><span class=\"tel\"><br \/>\n<\/span><\/strong><\/p>\n<p><strong>Taguatinga\u00a0Sul<\/strong><em>\u00a0&#8211;\u00a0<\/em><strong>(61) 3562-6392 |\u00a03561-3306<span class=\"tel\"><br \/>\n<\/span><\/strong><span class=\"tel\">QSD AE, s\/n , Lote 4, Ed Spazio Duo, 6\u00ba Andar<\/span><\/p>\n<p><strong><span style=\"color: #333399; font-size: 18px;\"><em>Gradua\u00e7\u00e3o a Dist\u00e2ncia:<br \/>\n<\/em><\/span><\/strong><span style=\"font-size: 12px;\">Administra\u00e7\u00e3o, An\u00e1lise e Desenvolvimento de Sistemas, Artes Visuais (Bacharelado), Artes Visuais (Licenciatura), Ci\u00eancia Pol\u00edtica, Ci\u00eancias Cont\u00e1beis, Ci\u00eancias da Religi\u00e3o &#8211; <span style=\"color: #ff0000;\"><em>NOVO!<\/em><\/span>, Com\u00e9rcio Exterior, Educa\u00e7\u00e3o Especial &#8211; <em><span style=\"color: #ff0000;\">NOVO!<\/span><\/em>, Educa\u00e7\u00e3o F\u00edsica (Bacharelado), Educa\u00e7\u00e3o F\u00edsica (Licenciatura), Educador Social &#8211; <span style=\"color: #ff0000;\"><em>NOVO!<\/em><\/span>, Engenharia da Computa\u00e7\u00e3o, Engenharia de Produ\u00e7\u00e3o, Engenharia El\u00e9trica \u2013 Habilita\u00e7\u00e3o em Eletr\u00f4nica, Filosofia (Bacharelado) &#8211; <em><span style=\"color: #ff0000;\">NOVO!<\/span><\/em>, Filosofia (Licenciatura), Geografia (Bacharelado) &#8211; <span style=\"color: #ff0000;\"><em>NOVO!<\/em><\/span>, Geografia (Forma\u00e7\u00e3o Pedag\u00f3gica) &#8211; <span style=\"color: #ff0000;\"><em>NOVO!<\/em><\/span>, Geografia (Licenciatura), Geografia (Segunda Licenciatura) &#8211; <em><span style=\"color: #ff0000;\">NOVO!<\/span><\/em>, Gest\u00e3o Ambiental, Gest\u00e3o Comercial, Gest\u00e3o da Produ\u00e7\u00e3o Industrial, Gest\u00e3o da Tecnologia da Informa\u00e7\u00e3o, Gest\u00e3o da Vigil\u00e2ncia em Sa\u00fade &#8211; <em><span style=\"color: #ff0000;\">NOVO!<\/span><\/em>, Gest\u00e3o de Seguran\u00e7a Privada, Gest\u00e3o de Servi\u00e7os Jur\u00eddicos e Notariais, Gest\u00e3o de Turismo, Gest\u00e3o em Sa\u00fade P\u00fablica, Gest\u00e3o Financeira, Gest\u00e3o Hospitalar, Gest\u00e3o P\u00fablica, Hist\u00f3ria (Bacharelado) &#8211; <span style=\"color: #ff0000;\"><em>NOVO!<\/em><\/span>, Hist\u00f3ria (Forma\u00e7\u00e3o Pedag\u00f3gica) &#8211; <em><span style=\"color: #ff0000;\">NOVO!<\/span><\/em>, Hist\u00f3ria (Licenciatura), Hist\u00f3ria (Segunda Licenciatura) &#8211; <em><span style=\"color: #ff0000;\">NOVO!<\/span><\/em>, Investiga\u00e7\u00e3o Profissional (Detetive Particular) &#8211;<span style=\"color: #ff0000;\"><em> NOVO!<\/em><\/span>, Jornalismo, Letras (Bacharelado) &#8211; <span style=\"color: #ff0000;\"><em>NOVO!<\/em><\/span>, Letras (Forma\u00e7\u00e3o Pedag\u00f3gica) &#8211; <em><span style=\"color: #ff0000;\">NOVO!<\/span><\/em>, Letras (Licenciatura), Letras (Segunda Licenciatura) &#8211; <span style=\"color: #ff0000;\"><em>NOVO!<\/em><\/span>, Log\u00edstica, Marketing, Marketing Digital &#8211; <span style=\"color: #ff0000;\"><em>NOVO!<\/em><\/span>, Matem\u00e1tica (Bacharelado) &#8211; <span style=\"color: #ff0000;\"><em>NOVO!<\/em><\/span>, Matem\u00e1tica (Forma\u00e7\u00e3o Pedag\u00f3gica) &#8211; <em><span style=\"color: #ff0000;\">NOVO!<\/span><\/em>, Matem\u00e1tica (Licenciatura), Matem\u00e1tica (Segunda Licenciatura) &#8211; <em><span style=\"color: #ff0000;\">NOVO!<\/span><\/em>, Pedagogia, Pedagogia (Segunda Licenciatura), Processos Gerenciais, Psicopedagogia (Bacharelado) &#8211; <span style=\"color: #ff0000;\"><em>NOVO!<\/em><\/span>, Psicopedagogia (Licenciatura) &#8211; <em><span style=\"color: #ff0000;\">NOVO!<\/span><\/em>, Publicidade e Propaganda, Recursos Humanos, Rela\u00e7\u00f5es Internacionais, Saneamento Ambiental &#8211; <em><span style=\"color: #ff0000;\">NOVO!<\/span><\/em>, Secretariado, Seguran\u00e7a P\u00fablica, Servi\u00e7o Social, Sociologia (Bacharelado) &#8211; <span style=\"color: #ff0000;\"><em>NOVO!<\/em><\/span>, \u00a0Sociologia (Licenciatura), Teologia B\u00edblica Interconfessional, Teologia Cat\u00f3lica.<\/span><\/p>\n<p><strong><span style=\"color: #333399; font-size: 18px;\"><em>P\u00f3s-Gradua\u00e7\u00e3o a Dist\u00e2ncia:<br \/>\n<\/em><\/span><\/strong><\/p>\n<p><span style=\"font-size: 12px;\">Administra\u00e7\u00e3o em Agroneg\u00f3cios, Administra\u00e7\u00e3o P\u00fablica e Ger\u00eancia de Cidades, Alfabetiza\u00e7\u00e3o e Letramento, Aten\u00e7\u00e3o ao Paciente Cr\u00edtico: Urg\u00eancia, Emerg\u00eancia e UTI, Atividade F\u00edsica e Sa\u00fade: do Envelhecimento \u00e0s Patologias, Auditoria em Sa\u00fade, Contabilidade P\u00fablica e Responsabilidade Fiscal, Contabilidade, Auditoria e Controladoria, Dimensionamento de Circuitos El\u00e9tricos Industriais, Direito Ambiental, Direito Desportivo, Direito do Trabalho e Processo Trabalhista, Direito Federal na Pr\u00e1tica, Direito Penal e Criminologia, Direito Processual Civil, Educa\u00e7\u00e3o Ambiental e Sustentabilidade, Educa\u00e7\u00e3o Especial e Inclusiva, Educa\u00e7\u00e3o F\u00edsica Escolar: Pr\u00e1ticas de Ensino, Educa\u00e7\u00e3o Infantil, Energias Renov\u00e1veis, Enfermagem do Trabalho, Engenharia de Produ\u00e7\u00e3o, Engenharia de Software para Dispositivos M\u00f3veis, Farm\u00e1cia Cl\u00ednica e Hospitalar, Farmacologia e Intera\u00e7\u00f5es Medicamentosas, Fisiologia do Exerc\u00edcio, Fisioterapia Esportiva, Gest\u00e3o Ambiental e Desenvolvimento Sustent\u00e1vel, Gest\u00e3o Comercial, Gest\u00e3o da Automa\u00e7\u00e3o Industrial, Gest\u00e3o da Inova\u00e7\u00e3o, Gest\u00e3o da Tecnologia da Informa\u00e7\u00e3o, Gest\u00e3o de Empresas de Radiodifus\u00e3o, Gest\u00e3o de Marketing, Gest\u00e3o de Processos e Qualidade, Gest\u00e3o de Projetos, Gest\u00e3o de Recursos H\u00eddricos, Gest\u00e3o de Recursos Humanos, Gest\u00e3o e Legisla\u00e7\u00e3o Tribut\u00e1ria, Gest\u00e3o e Marketing no Esporte, Gest\u00e3o Escolar, Gest\u00e3o Financeira, Gest\u00e3o Hospitalar, Hist\u00f3ria e Cultura Afro-brasileira e Ind\u00edgena, Jornalismo Esportivo, Log\u00edstica e Supply Chain, Metodologia do Ensino de Artes, Metodologia do Ensino de Biologia, Metodologia do Ensino de F\u00edsica, Metodologia do Ensino de Geografia, Metodologia do Ensino de Hist\u00f3ria, Metodologia do Ensino de L\u00edngua Inglesa, Metodologia do Ensino de L\u00edngua Portuguesa, Metodologia do Ensino de L\u00edngua Portuguesa e Estrangeira, Metodologia do Ensino de Matem\u00e1tica, Metodologia do Ensino de Portugu\u00eas para Estrangeiros, Metodologia do Ensino de Qu\u00edmica, Metodologia do Ensino na Educa\u00e7\u00e3o Superior, Metodologia do Ensino Religioso, Neuropsicopedagogia, Nutri\u00e7\u00e3o no Esporte e na Atividade F\u00edsica, Orienta\u00e7\u00e3o Educacional, Orienta\u00e7\u00e3o, Supervis\u00e3o e Gest\u00e3o Escolar, Pedagogia Empresarial, Per\u00edcia e Auditoria Ambiental, Planejamento e Gest\u00e3o Estrat\u00e9gica, Planejamento e Gest\u00e3o Estrat\u00e9gica de Finan\u00e7as, Planejamento e Gest\u00e3o Estrat\u00e9gica de Log\u00edstica, Planejamento e Gest\u00e3o Estrat\u00e9gica de Marketing, Planejamento e Gest\u00e3o Estrat\u00e9gica de Pessoas, Pol\u00edtica de Assist\u00eancia Social, Psicologia do Esporte, Psicopedagogia Cl\u00ednica e Institucional, Sa\u00fade P\u00fablica com \u00canfase em Sa\u00fade da Fam\u00edlia, Servi\u00e7o Social: Fundamentos e Compet\u00eancias Profissionais, Supervis\u00e3o Escolar, Sustentabilidade e Pol\u00edticas P\u00fablicas, Treinamento no Esporte e na Atividade F\u00edsica, Vigil\u00e2ncia Sanit\u00e1ria.<\/span><\/p>\n<p>&nbsp;<\/p>\n<p style=\"text-align: center;\"><em><span style=\"color: #ff0000; font-size: 16px;\"><strong>Para efetuar a matr\u00edcula\u00a0PEGAR AUTORIZA\u00c7\u00c3O NO SINDICATO<\/strong><\/span><\/em><\/p>\n<p class=\"wpf_wrapper\"><a class=\"print_link\" href=\"\" target=\"_blank\">Preparar para impress\u00e3o<\/a><\/p><!-- .wpf_wrapper -->","protected":false},"excerpt":{"rendered":"<p>Central de Atendimento &#8211;\u00a00800 702 0500 Polos Distrito Federal: Asa Norte\u00a0&#8211;\u00a0(61)\u00a03273-2962 |\u00a03272-7678 SCRN 708\/709, Bloco D, Loja 1, 2 e&hellip; <\/p>\n","protected":false},"author":1,"featured_media":10468,"comment_status":"closed","ping_status":"closed","sticky":false,"template":"","format":"standard","meta":{"footnotes":""},"categories":[130],"tags":[],"class_list":["post-10439","post","type-post","status-publish","format-standard","has-post-thumbnail","hentry","category-parcerias_faculdades"],"jetpack_featured_media_url":"https:\/\/sindesvdf.com.br\/news\/wp-content\/uploads\/2018\/04\/Uninter.png","_links":{"self":[{"href":"https:\/\/sindesvdf.com.br\/news\/wp-json\/wp\/v2\/posts\/10439","targetHints":{"allow":["GET"]}}],"collection":[{"href":"https:\/\/sindesvdf.com.br\/news\/wp-json\/wp\/v2\/posts"}],"about":[{"href":"https:\/\/sindesvdf.com.br\/news\/wp-json\/wp\/v2\/types\/post"}],"author":[{"embeddable":true,"href":"https:\/\/sindesvdf.com.br\/news\/wp-json\/wp\/v2\/users\/1"}],"replies":[{"embeddable":true,"href":"https:\/\/sindesvdf.com.br\/news\/wp-json\/wp\/v2\/comments?post=10439"}],"version-history":[{"count":7,"href":"https:\/\/sindesvdf.com.br\/news\/wp-json\/wp\/v2\/posts\/10439\/revisions"}],"predecessor-version":[{"id":11263,"href":"https:\/\/sindesvdf.com.br\/news\/wp-json\/wp\/v2\/posts\/10439\/revisions\/11263"}],"wp:featuredmedia":[{"embeddable":true,"href":"https:\/\/sindesvdf.com.br\/news\/wp-json\/wp\/v2\/media\/10468"}],"wp:attachment":[{"href":"https:\/\/sindesvdf.com.br\/news\/wp-json\/wp\/v2\/media?parent=10439"}],"wp:term":[{"taxonomy":"category","embeddable":true,"href":"https:\/\/sindesvdf.com.br\/news\/wp-json\/wp\/v2\/categories?post=10439"},{"taxonomy":"post_tag","embeddable":true,"href":"https:\/\/sindesvdf.com.br\/news\/wp-json\/wp\/v2\/tags?post=10439"}],"curies":[{"name":"wp","href":"https:\/\/api.w.org\/{rel}","templated":true}]}}