{"id":10519,"date":"2018-04-20T15:21:33","date_gmt":"2018-04-20T18:21:33","guid":{"rendered":"http:\/\/sindesvdf.com.br\/news\/?p=10519"},"modified":"2019-08-20T16:25:12","modified_gmt":"2019-08-20T19:25:12","slug":"brasil-pode-ser-processado-na-corte-interamericana-de-direitos-humanos-por-causa-da-reforma","status":"publish","type":"post","link":"https:\/\/sindesvdf.com.br\/news\/brasil-pode-ser-processado-na-corte-interamericana-de-direitos-humanos-por-causa-da-reforma\/","title":{"rendered":"Brasil pode ser processado na Corte Interamericana de Direitos Humanos por causa da reforma"},"content":{"rendered":"<p><span style=\"font-size: 18px;\"><img loading=\"lazy\" decoding=\"async\" class=\"aligncenter wp-image-10521 size-large\" src=\"http:\/\/sindesvdf.com.br\/news\/wp-content\/uploads\/2018\/04\/20-04-18-01-790x451.jpg\" alt=\"\" width=\"790\" height=\"451\" srcset=\"https:\/\/sindesvdf.com.br\/news\/wp-content\/uploads\/2018\/04\/20-04-18-01-790x451.jpg 790w, https:\/\/sindesvdf.com.br\/news\/wp-content\/uploads\/2018\/04\/20-04-18-01-300x171.jpg 300w, https:\/\/sindesvdf.com.br\/news\/wp-content\/uploads\/2018\/04\/20-04-18-01-768x439.jpg 768w, https:\/\/sindesvdf.com.br\/news\/wp-content\/uploads\/2018\/04\/20-04-18-01-150x86.jpg 150w, https:\/\/sindesvdf.com.br\/news\/wp-content\/uploads\/2018\/04\/20-04-18-01-250x143.jpg 250w, https:\/\/sindesvdf.com.br\/news\/wp-content\/uploads\/2018\/04\/20-04-18-01-700x400.jpg 700w\" sizes=\"auto, (max-width: 790px) 100vw, 790px\" \/><\/span><\/p>\n<p style=\"text-align: justify;\"><span style=\"font-size: 18px;\">Com o tema \u201cLegislar, avan\u00e7ar e resistir\u201d, uma audi\u00eancia p\u00fablica realizada ontem na Comiss\u00e3o de\u00a0 Direitos Humanos do Senado, presidida pelo senador Paulo Paim (PT-RS), debateu a legisla\u00e7\u00e3o como forma de prote\u00e7\u00e3o aos direitos sociais. No foco das discuss\u00f5es, estavam os retrocessos trazidos pela reforma trabalhista.<\/span><br \/>\n<span style=\"font-size: 18px;\"> \u00a0<\/span><br \/>\n<span style=\"font-size: 18px;\"> De acordo com o procurador regional do Trabalho Cristiano Paix\u00e3o, do Minist\u00e9rio P\u00fablico do Trabalho da 10\u00aa Regi\u00e3o, no cen\u00e1rio p\u00f3s reforma, para fazer valer os direitos sociais garantidos na Constitui\u00e7\u00e3o Federal de 88, \u00e9 fundamental ativar o sistema interamericano de prote\u00e7\u00e3o aos direitos humanos, do qual o Brasil faz parte.<\/span><br \/>\n<span style=\"font-size: 18px;\"> \u00a0<\/span><br \/>\n<span style=\"font-size: 18px;\"> Ele conta que j\u00e1 existem den\u00fancias de viola\u00e7\u00f5es, feitas \u00e0 Comiss\u00e3o Interamericana de Direitos Humanos, e, por esse motivo, foi promovida audi\u00eancia p\u00fablica no ano passado em Montevid\u00e9u, e n\u00e3o est\u00e1 descartada a possibilidade de o pa\u00eds sofrer um processo de viola\u00e7\u00e3o em direitos humanos em decorr\u00eancia dessas den\u00fancias.<\/span><br \/>\n<span style=\"font-size: 18px;\"> \u00a0<\/span><br \/>\n<span style=\"font-size: 18px;\"> \u201cO sistema interamericano de prote\u00e7\u00e3o de direitos humanos vem concedendo aten\u00e7\u00e3o cada vez maior aos direitos sociais, tanto que h\u00e1 uma relatoria especial sobre direitos econ\u00f4micos, sociais, culturais e ambientais na comiss\u00e3o e houve, no \u00e2mbito da corte, uma decis\u00e3o pioneira sobre direitos sociais, o caso Lagos del Campo vs. Per\u00fa\u201d, explica o procurador Cristiano Paix\u00e3o, citando iniciativas recentes dos dois principais \u00f3rg\u00e3os que comp\u00f5em o sistema interamericano de prote\u00e7\u00e3o dos direitos humanos.<\/span><br \/>\n<span style=\"font-size: 18px;\"> \u00a0<\/span><br \/>\n<span style=\"font-size: 18px;\"> O presidente da Associa\u00e7\u00e3o Nacional dos Procuradores do Trabalho, \u00c2ngelo Fabiano, lamentou que &#8220;no 30\u00ba ano da Constitui\u00e7\u00e3o Federal, o Congresso Nacional, de uma forma geral, tenta minimizar a efic\u00e1cia dos direitos socialmente protegidos nela, aqueles individuais tamb\u00e9m, de uma forma a aprovar leis ordin\u00e1rias a se sobrepor \u00e0 Constitui\u00e7\u00e3o e a tratados e conven\u00e7\u00f5es internacionais\u201d.<\/span><br \/>\n<span style=\"font-size: 18px;\"> \u00a0<\/span><br \/>\n<span style=\"font-size: 18px;\"> A procuradora Ludmila Reis Brito Lopes, igualmente do MPT da 10\u00aa e que tamb\u00e9m participou da audi\u00eancia, enfatizou a import\u00e2ncia da legisla\u00e7\u00e3o para consolidar o estado democr\u00e1tico de direito, enumerando leis que contribu\u00edram para isso e para a redu\u00e7\u00e3o da desigualdade, como a Lei Brasileira de Inclus\u00e3o e o Estatuto da Igualdade Racial.<\/span><br \/>\n<span style=\"font-size: 18px;\"> \u00a0<\/span><br \/>\n<span style=\"font-size: 18px;\"> No entanto, a partir da fragmenta\u00e7\u00e3o do mundo do trabalho causada pela Lei 13.467, segundo defende, tem sido criada, cada vez mais, uma sociedade de exclu\u00eddos, aumentando a desigualdade, retirando a cidadania e a dignidade de trabalhadores. \u201cSem cidadania e trabalho digno, n\u00e3o h\u00e1 for\u00e7a nem espa\u00e7o para lutar pelos pr\u00f3prios direitos\u201d, conclui Ludmila Reis.<\/span><\/p>\n<p style=\"text-align: justify;\"><span style=\"font-size: 18px;\">Participaram, ainda, da audi\u00eancia: o presidente do Sindicato Nacional dos Auditores Fiscais do Trabalho, Carlos Silva, a vice-presidente da Associa\u00e7\u00e3o Nacional dos Magistrados do Trabalho, Noemia Aparecida Garcia Porto, e a presidente da Associa\u00e7\u00e3o dos Magistrados Trabalhistas da 10\u00aa Regi\u00e3o, Rosarita Machado Caron, entre outras autoridades.<\/span><\/p>\n<p style=\"text-align: right;\"><em><span style=\"color: #ff0000;\">Fonte: Portal Minist\u00e9rio P\u00fablico do Trabalho<\/span><\/em><\/p>\n<p>&nbsp;<\/p>\n<p>&nbsp;<\/p>\n<hr \/>\n<p style=\"text-align: center;\"><span style=\"color: #ff0000;\"><strong>SindesvDF<\/strong> <\/span>&#8211; <em>Sempre Vigilante em Defesa da Categoria<\/em><\/p>\n<p class=\"wpf_wrapper\"><a class=\"print_link\" href=\"\" target=\"_blank\">Preparar para impress\u00e3o<\/a><\/p><!-- .wpf_wrapper -->","protected":false},"excerpt":{"rendered":"<p>Com o tema \u201cLegislar, avan\u00e7ar e resistir\u201d, uma audi\u00eancia p\u00fablica realizada ontem na Comiss\u00e3o de\u00a0 Direitos Humanos do Senado, presidida&hellip; <\/p>\n","protected":false},"author":1,"featured_media":0,"comment_status":"closed","ping_status":"closed","sticky":false,"template":"","format":"standard","meta":{"footnotes":""},"categories":[112],"tags":[],"class_list":["post-10519","post","type-post","status-publish","format-standard","hentry","category-as-reformas-do-mal"],"jetpack_featured_media_url":"","_links":{"self":[{"href":"https:\/\/sindesvdf.com.br\/news\/wp-json\/wp\/v2\/posts\/10519","targetHints":{"allow":["GET"]}}],"collection":[{"href":"https:\/\/sindesvdf.com.br\/news\/wp-json\/wp\/v2\/posts"}],"about":[{"href":"https:\/\/sindesvdf.com.br\/news\/wp-json\/wp\/v2\/types\/post"}],"author":[{"embeddable":true,"href":"https:\/\/sindesvdf.com.br\/news\/wp-json\/wp\/v2\/users\/1"}],"replies":[{"embeddable":true,"href":"https:\/\/sindesvdf.com.br\/news\/wp-json\/wp\/v2\/comments?post=10519"}],"version-history":[{"count":2,"href":"https:\/\/sindesvdf.com.br\/news\/wp-json\/wp\/v2\/posts\/10519\/revisions"}],"predecessor-version":[{"id":10522,"href":"https:\/\/sindesvdf.com.br\/news\/wp-json\/wp\/v2\/posts\/10519\/revisions\/10522"}],"wp:attachment":[{"href":"https:\/\/sindesvdf.com.br\/news\/wp-json\/wp\/v2\/media?parent=10519"}],"wp:term":[{"taxonomy":"category","embeddable":true,"href":"https:\/\/sindesvdf.com.br\/news\/wp-json\/wp\/v2\/categories?post=10519"},{"taxonomy":"post_tag","embeddable":true,"href":"https:\/\/sindesvdf.com.br\/news\/wp-json\/wp\/v2\/tags?post=10519"}],"curies":[{"name":"wp","href":"https:\/\/api.w.org\/{rel}","templated":true}]}}