{"id":10571,"date":"2018-04-24T13:22:17","date_gmt":"2018-04-24T16:22:17","guid":{"rendered":"http:\/\/sindesvdf.com.br\/news\/?p=10571"},"modified":"2019-08-20T16:24:51","modified_gmt":"2019-08-20T19:24:51","slug":"sem-medida-provisoria-para-reparar-lei-trabalhista-desmonte-fica-oficializado","status":"publish","type":"post","link":"https:\/\/sindesvdf.com.br\/news\/sem-medida-provisoria-para-reparar-lei-trabalhista-desmonte-fica-oficializado\/","title":{"rendered":"Sem medida provis\u00f3ria para reparar lei trabalhista, desmonte fica oficializado"},"content":{"rendered":"<h4 style=\"text-align: center;\">Com acordo descumprido, est\u00e3o valendo o trabalho intermitente sem limites, trabalho de gestante ou lactante em local insalubre e jornada 12&#215;36 sem negocia\u00e7\u00e3o coletiva (basta a individual)<\/h4>\n<p><span style=\"font-size: 18px;\"><img loading=\"lazy\" decoding=\"async\" class=\"size-full wp-image-10577 aligncenter\" src=\"http:\/\/sindesvdf.com.br\/news\/wp-content\/uploads\/2018\/04\/24-04-18-01-1.jpg\" alt=\"\" width=\"700\" height=\"400\" srcset=\"https:\/\/sindesvdf.com.br\/news\/wp-content\/uploads\/2018\/04\/24-04-18-01-1.jpg 700w, https:\/\/sindesvdf.com.br\/news\/wp-content\/uploads\/2018\/04\/24-04-18-01-1-300x171.jpg 300w, https:\/\/sindesvdf.com.br\/news\/wp-content\/uploads\/2018\/04\/24-04-18-01-1-150x86.jpg 150w, https:\/\/sindesvdf.com.br\/news\/wp-content\/uploads\/2018\/04\/24-04-18-01-1-250x143.jpg 250w\" sizes=\"auto, (max-width: 700px) 100vw, 700px\" \/>Em 11 de julho do ano passado, por 50 a 26, o Senado aprovou o projeto que deu origem \u00e0 Lei 13.467, de\u00a0<a class=\"internal-link\" title=\"\" href=\"http:\/\/www.redebrasilatual.com.br\/politica\/2017\/07\/senado-aprova-o-projeto-de-reforma-trabalhista-sem-alteracoes\" target=\"_blank\" rel=\"noopener noreferrer\">&#8220;reforma&#8221; da legisla\u00e7\u00e3o trabalhista<\/a>, que entrou em vigor em 11 de novembro. Para aprov\u00e1-lo sem mudan\u00e7as, uma voz insistente, a do l\u00edder do governo, Romero Juc\u00e1 (MDB-RR), acenava com uma medida provis\u00f3ria que &#8220;corrigiria&#8221; alguns pontos considerados preocupantes at\u00e9 pela bancada alinhada ao Planalto. A MP veio, mas est\u00e1 quase indo embora, sem ser votada. E a lei ficar\u00e1 do jeito que est\u00e1.<em> &#8220;O governo fez de conta que apresentou um MP e deixou caducar&#8221;<\/em>, resume o senador Paulo Paim (PT-RS).<\/span><\/p>\n<p><span style=\"font-size: 18px;\">Com o fim da MP 808 no dia 23\/04, Paim observa que a medida <em>&#8220;j\u00e1 foi pro brejo&#8221;<\/em>, uma vez que o pr\u00f3prio presidente da C\u00e2mara, Rodrigo Maia (DEM-RJ), disse que s\u00f3 colocaria o tema em vota\u00e7\u00e3o depois do dia 03\/04. <em>&#8220;N\u00f3s alertamos que n\u00e3o ia votar coisa nenhuma&#8221;<\/em>, afirma o parlamentar. Uma comiss\u00e3o especial mista (C\u00e2mara e Senado) chegou a ser criada, mas o presidente renunciou e at\u00e9 hoje o colegiado n\u00e3o tem relator.<\/span><\/p>\n<p><span style=\"font-size: 18px;\">Durante a tramita\u00e7\u00e3o em comiss\u00f5es do Senado, o governo insistiu para que o projeto fosse aprovado sem mudan\u00e7as, porque caso contr\u00e1rio teria de voltar para a C\u00e2mara. <em>&#8220;Foi uma jogada do Juc\u00e1 para evitar que na C\u00e2mara esse assunto eventualmente travasse&#8221;<\/em>, observa o analista Ant\u00f4nio Augusto de Queiroz, o Toninho, diretor do Departamento Intersindical de Assessoria Parlamentar (Diap).\u00a0<\/span><\/p>\n<p><span style=\"font-size: 18px;\">Em momento algum houve inten\u00e7\u00e3o real de mexer na Lei 13.467, acrescenta o analista. <em>&#8220;Enviaram a MP para cumprir tabela, sem nenhum compromisso para implementar&#8221;<\/em>, diz Toninho. <em>&#8220;Eles querem evitar qualquer tipo de risco de o tema voltar \u00e0 pauta.&#8221;\u00a0<\/em>Entre os itens questionados, estavam o trabalho intermitente, a atividade de lactantes ou gestantes em locais insalubres e a jornada 12&#215;36.\u00a0<\/span><\/p>\n<p><span style=\"font-size: 18px;\"><em>&#8220;A base do governo s\u00f3 votou na reforma porque ele (Temer) iria vetar sete, oito artigos. Atenuava, mas n\u00e3o resolvia&#8221;<\/em>, lembra Paim. <em>&#8220;Eu diria que eles acreditaram no presidente, e o presidente n\u00e3o cumpriu a parte dele.&#8221;<\/em> Deixaram-se enganar? <em>&#8220;Bobo n\u00e3o chega aqui (no Senado)&#8221;<\/em>, diz o parlamentar<em>. &#8220;Estavam jogando para a plateia&#8221;<\/em>, acrescenta o diretor do Diap.<\/span><\/p>\n<p><span style=\"font-size: 18px;\">O projeto do Executivo foi aprovado na C\u00e2mara em abril. O relator, deputado Rog\u00e9rio Marinho (PSDB-RN), multiplicou o n\u00famero de artigos da Consolida\u00e7\u00e3o das Leis do Trabalho (CLT) alterados pela proposta, e assim ficou \u2013 e ficar\u00e1. Paim ainda aposta em sua proposta de Estatuto do Trabalho, discutido em 18 audi\u00eancias p\u00fablicas. Ele anuncia a primeira vers\u00e3o para meados de maio.\u00a0J\u00e1 Toninho avalia que qualquer mudan\u00e7as s\u00f3 ser\u00e1 poss\u00edvel em uma nova legislatura, com um governo eleito no campo progressista.<\/span><\/p>\n<p><span style=\"font-size: 18px;\">Procurado, o senador Juc\u00e1 n\u00e3o respondeu. Sua assessoria diz que ele <em>&#8220;n\u00e3o quer&#8221;<\/em> falar sobre o assunto.<\/span><\/p>\n<p style=\"text-align: right;\"><span style=\"color: #ff0000;\"><em>Fonte: RBA<\/em><\/span><\/p>\n<hr \/>\n<p style=\"text-align: center;\"><span style=\"color: #ff0000;\"><strong>SindesvDF<\/strong> <\/span>&#8211; <em>Sempre Vigilante em Defesa da Categoria<\/em><\/p>\n<p class=\"wpf_wrapper\"><a class=\"print_link\" href=\"\" target=\"_blank\">Preparar para impress\u00e3o<\/a><\/p><!-- .wpf_wrapper -->","protected":false},"excerpt":{"rendered":"<p>Com acordo descumprido, est\u00e3o valendo o trabalho intermitente sem limites, trabalho de gestante ou lactante em local insalubre e jornada&hellip; <\/p>\n","protected":false},"author":1,"featured_media":0,"comment_status":"closed","ping_status":"closed","sticky":false,"template":"","format":"standard","meta":{"footnotes":""},"categories":[112],"tags":[],"class_list":["post-10571","post","type-post","status-publish","format-standard","hentry","category-as-reformas-do-mal"],"jetpack_featured_media_url":"","_links":{"self":[{"href":"https:\/\/sindesvdf.com.br\/news\/wp-json\/wp\/v2\/posts\/10571","targetHints":{"allow":["GET"]}}],"collection":[{"href":"https:\/\/sindesvdf.com.br\/news\/wp-json\/wp\/v2\/posts"}],"about":[{"href":"https:\/\/sindesvdf.com.br\/news\/wp-json\/wp\/v2\/types\/post"}],"author":[{"embeddable":true,"href":"https:\/\/sindesvdf.com.br\/news\/wp-json\/wp\/v2\/users\/1"}],"replies":[{"embeddable":true,"href":"https:\/\/sindesvdf.com.br\/news\/wp-json\/wp\/v2\/comments?post=10571"}],"version-history":[{"count":7,"href":"https:\/\/sindesvdf.com.br\/news\/wp-json\/wp\/v2\/posts\/10571\/revisions"}],"predecessor-version":[{"id":13346,"href":"https:\/\/sindesvdf.com.br\/news\/wp-json\/wp\/v2\/posts\/10571\/revisions\/13346"}],"wp:attachment":[{"href":"https:\/\/sindesvdf.com.br\/news\/wp-json\/wp\/v2\/media?parent=10571"}],"wp:term":[{"taxonomy":"category","embeddable":true,"href":"https:\/\/sindesvdf.com.br\/news\/wp-json\/wp\/v2\/categories?post=10571"},{"taxonomy":"post_tag","embeddable":true,"href":"https:\/\/sindesvdf.com.br\/news\/wp-json\/wp\/v2\/tags?post=10571"}],"curies":[{"name":"wp","href":"https:\/\/api.w.org\/{rel}","templated":true}]}}