{"id":10583,"date":"2018-04-25T11:47:41","date_gmt":"2018-04-25T14:47:41","guid":{"rendered":"http:\/\/sindesvdf.com.br\/news\/?p=10583"},"modified":"2018-04-25T11:54:39","modified_gmt":"2018-04-25T14:54:39","slug":"sancionada-lei-que-aumenta-pena-para-furto-e-roubo-com-uso-de-explosivos","status":"publish","type":"post","link":"https:\/\/sindesvdf.com.br\/news\/sancionada-lei-que-aumenta-pena-para-furto-e-roubo-com-uso-de-explosivos\/","title":{"rendered":"Sancionada lei que aumenta pena para furto e roubo com uso de explosivos"},"content":{"rendered":"<p style=\"text-align: justify;\"><span style=\"font-size: 18px;\"><img loading=\"lazy\" decoding=\"async\" class=\"alignleft size-full wp-image-10585\" src=\"http:\/\/sindesvdf.com.br\/news\/wp-content\/uploads\/2018\/04\/25-04-18-01.jpg\" alt=\"\" width=\"700\" height=\"400\" srcset=\"https:\/\/sindesvdf.com.br\/news\/wp-content\/uploads\/2018\/04\/25-04-18-01.jpg 700w, https:\/\/sindesvdf.com.br\/news\/wp-content\/uploads\/2018\/04\/25-04-18-01-300x171.jpg 300w, https:\/\/sindesvdf.com.br\/news\/wp-content\/uploads\/2018\/04\/25-04-18-01-150x86.jpg 150w, https:\/\/sindesvdf.com.br\/news\/wp-content\/uploads\/2018\/04\/25-04-18-01-250x143.jpg 250w\" sizes=\"auto, (max-width: 700px) 100vw, 700px\" \/>Foi publicada na manh\u00e3 de ontem, 24, a lei\u00a0<a href=\"http:\/\/www.jusbrasil.com.br\/legislacao\/570158021\/lei-13654-18\">13.654<\/a>\/18, que altera e acrescenta dispositivos ao\u00a0<a href=\"http:\/\/www.jusbrasil.com.br\/legislacao\/1033702\/c%C3%B3digo-penal-decreto-lei-2848-40\">C\u00f3digo Penal<\/a>. A norma aumenta a pena para os crimes de roubo e furto qualificado em casos nos quais sejam utilizados explosivos. A norma \u00e9 v\u00e1lida tamb\u00e9m para roubos com explosivos feitos a caixas eletr\u00f4nicos.<\/span><\/p>\n<p style=\"text-align: justify;\"><span style=\"font-size: 18px;\">A lei prev\u00ea tamb\u00e9m o aumento da pena para o furto ou o roubo dos equipamentos explosivos utilizados nas pr\u00e1ticas criminosas. Segundo o texto, a puni\u00e7\u00e3o para este tipo de crime varia de quatro a dez anos de pris\u00e3o em caso de furto e pode ser elevada em at\u00e9 50% do tempo em caso de roubo.<\/span><\/p>\n<p style=\"text-align: justify;\"><span style=\"font-size: 18px;\">O texto tamb\u00e9m agrava a puni\u00e7\u00e3o para crimes de roubo com uso de armas. De acordo com a norma, a pena de reclus\u00e3o para esses crimes \u2013 que antes variava de 7 a 15 anos \u2013 passa a ser de 7 a 18 anos quando houver les\u00e3o corporal grave ou morte da v\u00edtima.<\/span><\/p>\n<p style=\"text-align: justify;\"><span style=\"font-size: 18px;\">Confira a \u00edntegra da lei\u00a0<a href=\"http:\/\/www.jusbrasil.com.br\/legislacao\/570158021\/lei-13654-18\">13.654<\/a>\/18.<\/span><\/p>\n<p style=\"text-align: justify;\"><span style=\"font-size: 18px;\"><strong><em>LEI N\u00ba\u00a0<a href=\"http:\/\/www.jusbrasil.com.br\/legislacao\/570158021\/lei-13654-18\">13.654<\/a>, DE 23 DE ABRIL DE 2018<\/em><\/strong><\/span><\/p>\n<p style=\"text-align: justify;\"><span style=\"font-size: 18px;\"><em>Altera o Decreto-Lei n\u00ba\u00a0<a href=\"http:\/\/www.jusbrasil.com.br\/legislacao\/1033702\/c%C3%B3digo-penal-decreto-lei-2848-40\">2.848<\/a>, de 7 dezembro de 1940 (<a href=\"http:\/\/www.jusbrasil.com.br\/legislacao\/1033702\/c%C3%B3digo-penal-decreto-lei-2848-40\">C\u00f3digo Penal<\/a>), para dispor sobre os crimes de furto qualificado e de roubo quando envolvam explosivos e do crime de roubo praticado com emprego de arma de fogo ou do qual resulte les\u00e3o corporal grave; e altera a Lei n\u00ba\u00a0<a href=\"http:\/\/www.jusbrasil.com.br\/legislacao\/104444\/lei-7102-83\">7.102<\/a>, de 20 de junho de 1983, para obrigar institui\u00e7\u00f5es que disponibilizem caixas eletr\u00f4nicos a instalar equipamentos que inutilizem c\u00e9dulas de moeda corrente.<\/em><\/span><\/p>\n<p style=\"text-align: justify;\"><span style=\"font-size: 18px;\"><strong><em>O PRESIDENTE DA REP\u00daBLICA<\/em><\/strong><\/span><\/p>\n<p style=\"text-align: justify;\"><span style=\"font-size: 18px;\"><em>Fa\u00e7o saber que o Congresso Nacional decreta e eu sanciono a seguinte Lei:<\/em><\/span><\/p>\n<p style=\"text-align: justify;\"><span style=\"font-size: 18px;\"><strong><em>Art. 1\u00ba<\/em><\/strong><em>\u00a0Os arts.\u00a0<a href=\"http:\/\/www.jusbrasil.com.br\/topicos\/10619836\/artigo-155-do-decreto-lei-n-2848-de-07-de-dezembro-de-1940\">155<\/a>\u00a0e\u00a0<a href=\"http:\/\/www.jusbrasil.com.br\/topicos\/10619340\/artigo-157-do-decreto-lei-n-2848-de-07-de-dezembro-de-1940\">157<\/a>\u00a0do Decreto-Lei n\u00ba\u00a0<a href=\"http:\/\/www.jusbrasil.com.br\/legislacao\/1033702\/c%C3%B3digo-penal-decreto-lei-2848-40\">2.848<\/a>, de 7 dezembro de 1940 (<a href=\"http:\/\/www.jusbrasil.com.br\/legislacao\/1033702\/c%C3%B3digo-penal-decreto-lei-2848-40\">C\u00f3digo Penal<\/a>), passam a vigorar com as seguintes altera\u00e7\u00f5es:<\/em><\/span><\/p>\n<p style=\"text-align: justify;\"><span style=\"font-size: 18px;\"><em>&#8220;Art. 155. &#8230;&#8230;&#8230;&#8230;&#8230;&#8230;&#8230;&#8230;&#8230;&#8230;&#8230;&#8230;&#8230;&#8230;&#8230;&#8230;&#8230;&#8230;&#8230;&#8230;&#8230;&#8230;&#8230;&#8230;&#8230;..<\/em><\/span><\/p>\n<p style=\"text-align: justify;\"><span style=\"font-size: 18px;\"><em>&#8230;&#8230;&#8230;&#8230;&#8230;&#8230;&#8230;&#8230;&#8230;&#8230;&#8230;&#8230;&#8230;&#8230;&#8230;&#8230;&#8230;&#8230;&#8230;&#8230;&#8230;&#8230;&#8230;&#8230;&#8230;&#8230;&#8230;&#8230;&#8230;&#8230;&#8230;&#8230;&#8230;&#8230;.<\/em><\/span><\/p>\n<ul style=\"text-align: justify;\">\n<li><span style=\"font-size: 18px;\"><em> 4\u00ba-A A pena \u00e9 de reclus\u00e3o de 4 (quatro) a 10 (dez) anos e multa, se houver emprego de explosivo ou de artefato an\u00e1logo que cause perigo comum.<\/em><\/span><\/li>\n<\/ul>\n<p style=\"text-align: justify;\"><span style=\"font-size: 18px;\"><em>&#8230;&#8230;&#8230;&#8230;&#8230;&#8230;&#8230;&#8230;&#8230;&#8230;&#8230;&#8230;&#8230;&#8230;&#8230;&#8230;&#8230;&#8230;&#8230;&#8230;&#8230;&#8230;&#8230;&#8230;&#8230;&#8230;&#8230;&#8230;&#8230;&#8230;&#8230;&#8230;&#8230;&#8230;.<\/em><\/span><\/p>\n<ul style=\"text-align: justify;\">\n<li><span style=\"font-size: 18px;\"><em> 7\u00ba A pena \u00e9 de reclus\u00e3o de 4 (quatro) a 10 (dez) anos e multa, se a subtra\u00e7\u00e3o for de subst\u00e2ncias explosivas ou de acess\u00f3rios que, conjunta ou isoladamente, possibilitem sua fabrica\u00e7\u00e3o, montagem ou emprego.&#8221; (NR)<\/em><\/span><\/li>\n<\/ul>\n<p style=\"text-align: justify;\"><span style=\"font-size: 18px;\"><em>&#8220;Art. 157. &#8230;&#8230;&#8230;&#8230;&#8230;&#8230;&#8230;&#8230;&#8230;&#8230;&#8230;&#8230;&#8230;&#8230;&#8230;&#8230;&#8230;&#8230;&#8230;&#8230;&#8230;&#8230;&#8230;&#8230;&#8230;..<\/em><\/span><\/p>\n<p style=\"text-align: justify;\"><span style=\"font-size: 18px;\"><em>&#8230;&#8230;&#8230;&#8230;&#8230;&#8230;&#8230;&#8230;&#8230;&#8230;&#8230;&#8230;&#8230;&#8230;&#8230;&#8230;&#8230;&#8230;&#8230;&#8230;&#8230;&#8230;&#8230;&#8230;&#8230;&#8230;&#8230;&#8230;&#8230;&#8230;&#8230;&#8230;&#8230;&#8230;.<\/em><\/span><\/p>\n<ul style=\"text-align: justify;\">\n<li><span style=\"font-size: 18px;\"><em> 2\u00ba A pena aumenta-se de 1\/3 (um ter\u00e7o) at\u00e9 metade:<\/em><\/span><\/li>\n<\/ul>\n<p style=\"text-align: justify;\"><span style=\"font-size: 18px;\"><em>I &#8211; (revogado);<\/em><\/span><\/p>\n<p style=\"text-align: justify;\"><span style=\"font-size: 18px;\"><em>&#8230;&#8230;&#8230;&#8230;&#8230;&#8230;&#8230;&#8230;&#8230;&#8230;&#8230;&#8230;&#8230;&#8230;&#8230;&#8230;&#8230;&#8230;&#8230;&#8230;&#8230;&#8230;&#8230;&#8230;&#8230;&#8230;&#8230;&#8230;&#8230;&#8230;&#8230;&#8230;&#8230;&#8230;<\/em><\/span><\/p>\n<p style=\"text-align: justify;\"><span style=\"font-size: 18px;\"><em>VI &#8211; se a subtra\u00e7\u00e3o for de subst\u00e2ncias explosivas ou de acess\u00f3rios que, conjunta ou isoladamente, possibilitem sua fabrica\u00e7\u00e3o, montagem ou emprego.<\/em><\/span><\/p>\n<ul style=\"text-align: justify;\">\n<li><span style=\"font-size: 18px;\"><em> 2\u00ba-A A pena aumenta-se de 2\/3 (dois ter\u00e7os):<\/em><\/span><\/li>\n<\/ul>\n<p style=\"text-align: justify;\"><span style=\"font-size: 18px;\"><em>I &#8211; se a viol\u00eancia ou amea\u00e7a \u00e9 exercida com emprego de arma de fogo;<\/em><\/span><\/p>\n<p style=\"text-align: justify;\"><span style=\"font-size: 18px;\"><em>II &#8211; se h\u00e1 destrui\u00e7\u00e3o ou rompimento de obst\u00e1culo mediante o emprego de explosivo ou de artefato an\u00e1logo que cause perigo comum.<\/em><\/span><\/p>\n<ul style=\"text-align: justify;\">\n<li><span style=\"font-size: 18px;\"><em> 3\u00ba Se da viol\u00eancia resulta:<\/em><\/span><\/li>\n<\/ul>\n<p style=\"text-align: justify;\"><span style=\"font-size: 18px;\"><em>I &#8211; les\u00e3o corporal grave, a pena \u00e9 de reclus\u00e3o de 7 (sete) a 18 (dezoito) anos, e multa;<\/em><\/span><\/p>\n<p style=\"text-align: justify;\"><span style=\"font-size: 18px;\"><em>II &#8211; morte, a pena \u00e9 de reclus\u00e3o de 20 (vinte) a 30 (trinta) anos, e multa.&#8221;(NR)<\/em><\/span><\/p>\n<p style=\"text-align: justify;\"><span style=\"font-size: 18px;\"><strong><em>Art. 2\u00ba<\/em><\/strong><em>\u00a0A Lei n\u00ba\u00a0<a href=\"http:\/\/www.jusbrasil.com.br\/legislacao\/104444\/lei-7102-83\">7.102<\/a>, de 20 de junho de 1983, passa a vigorar acrescida do seguinte art. 2\u00ba-A:<\/em><\/span><\/p>\n<p style=\"text-align: justify;\"><span style=\"font-size: 18px;\"><em>&#8220;Art. 2\u00ba-A As institui\u00e7\u00f5es financeiras e demais institui\u00e7\u00f5es autorizadas a funcionar pelo Banco Central do Brasil, que colocarem \u00e0 disposi\u00e7\u00e3o do p\u00fablico caixas eletr\u00f4nicos, s\u00e3o obrigadas a instalar equipamentos que inutilizem as c\u00e9dulas de moeda corrente depositadas no interior das m\u00e1quinas em caso de arrombamento, movimento brusco ou alta temperatura.<\/em><\/span><\/p>\n<ul style=\"text-align: justify;\">\n<li><span style=\"font-size: 18px;\"><em> 1\u00ba Para cumprimento do disposto no caput deste artigo, as institui\u00e7\u00f5es financeiras poder\u00e3o utilizar-se de qualquer tipo de tecnologia existente para inutilizar as c\u00e9dulas de moeda corrente depositadas no interior dos seus caixas eletr\u00f4nicos, tais como:<\/em><\/span><\/li>\n<\/ul>\n<p style=\"text-align: justify;\"><span style=\"font-size: 18px;\"><em>I &#8211; tinta especial colorida;<\/em><\/span><\/p>\n<p style=\"text-align: justify;\"><span style=\"font-size: 18px;\"><em>II &#8211; p\u00f3 qu\u00edmico;<\/em><\/span><\/p>\n<p style=\"text-align: justify;\"><span style=\"font-size: 18px;\"><em>III &#8211; \u00e1cidos insolventes;<\/em><\/span><\/p>\n<p style=\"text-align: justify;\"><span style=\"font-size: 18px;\"><em>IV &#8211; pirotecnia, desde que n\u00e3o coloque em perigo os usu\u00e1rios e funcion\u00e1rios que utilizam os caixas eletr\u00f4nicos;<\/em><\/span><\/p>\n<p style=\"text-align: justify;\"><span style=\"font-size: 18px;\"><em>V &#8211; qualquer outra subst\u00e2ncia, desde que n\u00e3o coloque em perigo os usu\u00e1rios dos caixas eletr\u00f4nicos.<\/em><\/span><\/p>\n<ul style=\"text-align: justify;\">\n<li><span style=\"font-size: 18px;\"><em> 2\u00ba Ser\u00e1 obrigat\u00f3ria a instala\u00e7\u00e3o de placa de alerta, que dever\u00e1 ser afixada de forma vis\u00edvel no caixa eletr\u00f4nico, bem como na entrada da institui\u00e7\u00e3o banc\u00e1ria que possua caixa eletr\u00f4nico em seu interior, informando a exist\u00eancia do referido dispositivo e seu funcionamento.<\/em><\/span><\/li>\n<li><span style=\"font-size: 18px;\"><em> 3\u00ba O descumprimento do disposto acima sujeitar\u00e1 as institui\u00e7\u00f5es financeiras infratoras \u00e0s penalidades previstas no art. 7\u00ba desta Lei.<\/em><\/span><\/li>\n<li><span style=\"font-size: 18px;\"><em> 4\u00ba As exig\u00eancias previstas neste artigo poder\u00e3o ser implantadas pelas institui\u00e7\u00f5es financeiras de maneira gradativa, atingindo-se, no m\u00ednimo, os seguintes percentuais, a partir da entrada em vigor desta Lei:<\/em><\/span><\/li>\n<\/ul>\n<p style=\"text-align: justify;\"><span style=\"font-size: 18px;\"><em>I &#8211; nos munic\u00edpios com at\u00e9 50.000 (cinquenta mil) habitantes, 50% (cinquenta por cento) em nove meses e os outros 50% (cinquenta por cento) em dezoito meses;<\/em><\/span><\/p>\n<p style=\"text-align: justify;\"><span style=\"font-size: 18px;\"><em>II &#8211; nos munic\u00edpios com mais de 50.000 (cinquenta mil) at\u00e9 500.000 (quinhentos mil) habitantes, 100% (cem por cento) em at\u00e9 vinte e quatro meses;<\/em><\/span><\/p>\n<p style=\"text-align: justify;\"><span style=\"font-size: 18px;\"><em>III &#8211; nos munic\u00edpios com mais de 500.000 (quinhentos mil) habitantes, 100% (cem por cento) em at\u00e9 trinta e seis meses.&#8221;<\/em><\/span><\/p>\n<p style=\"text-align: justify;\"><span style=\"font-size: 18px;\"><strong><em>Art. 3\u00ba<\/em><\/strong><em>\u00a0Esta Lei entra em vigor na data de sua publica\u00e7\u00e3o.<\/em><\/span><\/p>\n<p style=\"text-align: justify;\"><span style=\"font-size: 18px;\"><strong><em>Art. 4\u00ba<\/em><\/strong><em>\u00a0Revoga-se o inciso\u00a0<a href=\"http:\/\/www.jusbrasil.com.br\/topicos\/10619207\/inciso-i-do-par%C3%A1grafo-2-do-artigo-157-do-decreto-lei-n-2848-de-07-de-dezembro-de-1940\">I<\/a>\u00a0<a href=\"http:\/\/www.jusbrasil.com.br\/topicos\/10619245\/par%C3%A1grafo-2-artigo-157-do-decreto-lei-n-2848-de-07-de-dezembro-de-1940\">do \u00a7 2\u00ba<\/a>\u00a0do art.\u00a0<a href=\"http:\/\/www.jusbrasil.com.br\/topicos\/10619340\/artigo-157-do-decreto-lei-n-2848-de-07-de-dezembro-de-1940\">157<\/a>\u00a0do Decreto-Lei n\u00ba\u00a0<a href=\"http:\/\/www.jusbrasil.com.br\/legislacao\/1033702\/c%C3%B3digo-penal-decreto-lei-2848-40\">2.848<\/a>, de 7 dezembro de 1940 (<a href=\"http:\/\/www.jusbrasil.com.br\/legislacao\/1033702\/c%C3%B3digo-penal-decreto-lei-2848-40\">C\u00f3digo Penal<\/a>).<\/em><\/span><\/p>\n<p style=\"text-align: justify;\"><span style=\"font-size: 18px;\"><em>Bras\u00edlia, 23 de abril de 2018; 197\u00ba da Independ\u00eancia e 130\u00ba da Rep\u00fablica.<\/em><\/span><\/p>\n<p style=\"text-align: justify;\"><span style=\"font-size: 18px;\"><em>MICHEL TEMER<\/em><\/span><\/p>\n<p style=\"text-align: justify;\"><span style=\"font-size: 18px;\"><em>Eliseu Padilha<\/em><\/span><\/p>\n<p style=\"text-align: justify;\"><span style=\"font-size: 18px;\"><em>Grace Maria Fernandes Mendon\u00e7a<\/em><\/span><\/p>\n<p style=\"text-align: right;\"><em><span style=\"color: #ff0000;\">Fonte: Jusbrasil<\/span><\/em><\/p>\n<p>&nbsp;<\/p>\n<hr \/>\n<p style=\"text-align: center;\"><span style=\"color: #ff0000;\"><strong>SindesvDF<\/strong> <\/span>&#8211; <em>Sempre Vigilante em Defesa da Categoria<\/em><\/p>\n<p class=\"wpf_wrapper\"><a class=\"print_link\" href=\"\" target=\"_blank\">Preparar para impress\u00e3o<\/a><\/p><!-- .wpf_wrapper -->","protected":false},"excerpt":{"rendered":"<p>Foi publicada na manh\u00e3 de ontem, 24, a lei\u00a013.654\/18, que altera e acrescenta dispositivos ao\u00a0C\u00f3digo Penal. A norma aumenta a&hellip; <\/p>\n","protected":false},"author":1,"featured_media":0,"comment_status":"closed","ping_status":"closed","sticky":false,"template":"","format":"standard","meta":{"footnotes":""},"categories":[7],"tags":[],"class_list":["post-10583","post","type-post","status-publish","format-standard","hentry","category-noticias"],"jetpack_featured_media_url":"","_links":{"self":[{"href":"https:\/\/sindesvdf.com.br\/news\/wp-json\/wp\/v2\/posts\/10583","targetHints":{"allow":["GET"]}}],"collection":[{"href":"https:\/\/sindesvdf.com.br\/news\/wp-json\/wp\/v2\/posts"}],"about":[{"href":"https:\/\/sindesvdf.com.br\/news\/wp-json\/wp\/v2\/types\/post"}],"author":[{"embeddable":true,"href":"https:\/\/sindesvdf.com.br\/news\/wp-json\/wp\/v2\/users\/1"}],"replies":[{"embeddable":true,"href":"https:\/\/sindesvdf.com.br\/news\/wp-json\/wp\/v2\/comments?post=10583"}],"version-history":[{"count":4,"href":"https:\/\/sindesvdf.com.br\/news\/wp-json\/wp\/v2\/posts\/10583\/revisions"}],"predecessor-version":[{"id":10592,"href":"https:\/\/sindesvdf.com.br\/news\/wp-json\/wp\/v2\/posts\/10583\/revisions\/10592"}],"wp:attachment":[{"href":"https:\/\/sindesvdf.com.br\/news\/wp-json\/wp\/v2\/media?parent=10583"}],"wp:term":[{"taxonomy":"category","embeddable":true,"href":"https:\/\/sindesvdf.com.br\/news\/wp-json\/wp\/v2\/categories?post=10583"},{"taxonomy":"post_tag","embeddable":true,"href":"https:\/\/sindesvdf.com.br\/news\/wp-json\/wp\/v2\/tags?post=10583"}],"curies":[{"name":"wp","href":"https:\/\/api.w.org\/{rel}","templated":true}]}}