{"id":10612,"date":"2018-04-26T08:48:30","date_gmt":"2018-04-26T11:48:30","guid":{"rendered":"http:\/\/sindesvdf.com.br\/news\/?p=10612"},"modified":"2018-04-26T08:48:30","modified_gmt":"2018-04-26T11:48:30","slug":"em-2017-quase-550-mil-vigilantes-passaram-por-escolas-de-formacao","status":"publish","type":"post","link":"https:\/\/sindesvdf.com.br\/news\/em-2017-quase-550-mil-vigilantes-passaram-por-escolas-de-formacao\/","title":{"rendered":"Em 2017, quase 550 mil vigilantes passaram por escolas de forma\u00e7\u00e3o"},"content":{"rendered":"<p><span style=\"font-size: 18px;\"><img loading=\"lazy\" decoding=\"async\" class=\"alignleft size-full wp-image-10614\" src=\"http:\/\/sindesvdf.com.br\/news\/wp-content\/uploads\/2018\/04\/26-04-18.jpg\" alt=\"\" width=\"700\" height=\"400\" srcset=\"https:\/\/sindesvdf.com.br\/news\/wp-content\/uploads\/2018\/04\/26-04-18.jpg 700w, https:\/\/sindesvdf.com.br\/news\/wp-content\/uploads\/2018\/04\/26-04-18-300x171.jpg 300w, https:\/\/sindesvdf.com.br\/news\/wp-content\/uploads\/2018\/04\/26-04-18-150x86.jpg 150w, https:\/\/sindesvdf.com.br\/news\/wp-content\/uploads\/2018\/04\/26-04-18-250x143.jpg 250w\" sizes=\"auto, (max-width: 700px) 100vw, 700px\" \/><\/span><\/p>\n<p style=\"text-align: justify;\"><span style=\"font-size: 18px;\">A Coordena\u00e7\u00e3o Geral de Controle de Seguran\u00e7a Privada da Pol\u00edcia Federal (CGCSP) apresentou, durante a 115\u00aa reuni\u00e3o da Comiss\u00e3o Consultiva para Assuntos de Seguran\u00e7a Privada (CCASP), dados do levantamento realizado pela Coordena\u00e7\u00e3o mostrando que 548.624 pessoas passaram por cursos de forma\u00e7\u00e3o de vigilantes, extens\u00e3o e atualiza\u00e7\u00e3o no ano de 2017. Os n\u00fameros s\u00e3o provenientes de escolas autorizadas pela PF em cada estado.<\/span><\/p>\n<p style=\"text-align: justify;\"><span style=\"font-size: 18px;\">O Estado com maior n\u00famero \u00e9 S\u00e3o Paulo, com 156.115; em seguida, Rio de Janeiro com 55.114; e Minas Gerais, com 45.871. Bahia ficou com 30.823 e Roraima com 871, o menor n\u00famero.<\/span><\/p>\n<p style=\"text-align: justify;\"><span style=\"font-size: 18px;\">Para o presidente da Confedera\u00e7\u00e3o Nacional dos Vigilantes (CNTV), Jos\u00e9 Boaventura,\u00a0<\/span><span style=\"font-size: 18px;\">este quadro confirma que a forma\u00e7\u00e3o e prepara\u00e7\u00e3o de vigilantes continuam est\u00e1veis e\u00a0<\/span><span style=\"font-size: 18px;\">atentos \u00e0s demandas do mercado de trabalho. \u201c\u00c9 preciso ter profissionais sempre preparados para cuidar da seguran\u00e7a das pessoas e do patrim\u00f4nio. Estes 550 mil vigilantes, seja na forma\u00e7\u00e3o, extens\u00e3o ou especializa\u00e7\u00e3o (transporte de valores, escolta armada, seguran\u00e7a pessoal privada e eventos), por ocasi\u00e3o dos cursos, tamb\u00e9m s\u00e3o submetidos a avalia\u00e7\u00e3o psicol\u00f3gica e antecedentes criminais, cuidando de filtrar para que na categoria s\u00f3 permane\u00e7a \u2018vigilante ficha-limpa\u2019\u201d.<\/span><\/p>\n<p style=\"text-align: justify;\"><span style=\"font-size: 18px;\">A CNTV est\u00e1 atenta e buscando a cada dia a valoriza\u00e7\u00e3o destes trabalhadores especiais.<\/span><\/p>\n<p style=\"text-align: justify;\">\n<p style=\"text-align: right;\"><em><span style=\"font-size: 18px; color: #ff0000;\">Fonte: CNTV<\/span><\/em><\/p>\n<hr \/>\n<p style=\"text-align: center;\"><span style=\"color: #ff0000;\"><strong>SindesvDF<\/strong> <\/span>&#8211; <em>Sempre Vigilante em Defesa da Categoria<\/em><\/p>\n<p class=\"wpf_wrapper\"><a class=\"print_link\" href=\"\" target=\"_blank\">Preparar para impress\u00e3o<\/a><\/p><!-- .wpf_wrapper -->","protected":false},"excerpt":{"rendered":"<p>A Coordena\u00e7\u00e3o Geral de Controle de Seguran\u00e7a Privada da Pol\u00edcia Federal (CGCSP) apresentou, durante a 115\u00aa reuni\u00e3o da Comiss\u00e3o Consultiva&hellip; <\/p>\n","protected":false},"author":1,"featured_media":0,"comment_status":"closed","ping_status":"closed","sticky":false,"template":"","format":"standard","meta":{"footnotes":""},"categories":[7],"tags":[],"class_list":["post-10612","post","type-post","status-publish","format-standard","hentry","category-noticias"],"jetpack_featured_media_url":"","_links":{"self":[{"href":"https:\/\/sindesvdf.com.br\/news\/wp-json\/wp\/v2\/posts\/10612","targetHints":{"allow":["GET"]}}],"collection":[{"href":"https:\/\/sindesvdf.com.br\/news\/wp-json\/wp\/v2\/posts"}],"about":[{"href":"https:\/\/sindesvdf.com.br\/news\/wp-json\/wp\/v2\/types\/post"}],"author":[{"embeddable":true,"href":"https:\/\/sindesvdf.com.br\/news\/wp-json\/wp\/v2\/users\/1"}],"replies":[{"embeddable":true,"href":"https:\/\/sindesvdf.com.br\/news\/wp-json\/wp\/v2\/comments?post=10612"}],"version-history":[{"count":2,"href":"https:\/\/sindesvdf.com.br\/news\/wp-json\/wp\/v2\/posts\/10612\/revisions"}],"predecessor-version":[{"id":10615,"href":"https:\/\/sindesvdf.com.br\/news\/wp-json\/wp\/v2\/posts\/10612\/revisions\/10615"}],"wp:attachment":[{"href":"https:\/\/sindesvdf.com.br\/news\/wp-json\/wp\/v2\/media?parent=10612"}],"wp:term":[{"taxonomy":"category","embeddable":true,"href":"https:\/\/sindesvdf.com.br\/news\/wp-json\/wp\/v2\/categories?post=10612"},{"taxonomy":"post_tag","embeddable":true,"href":"https:\/\/sindesvdf.com.br\/news\/wp-json\/wp\/v2\/tags?post=10612"}],"curies":[{"name":"wp","href":"https:\/\/api.w.org\/{rel}","templated":true}]}}