{"id":10722,"date":"2018-05-03T15:02:50","date_gmt":"2018-05-03T18:02:50","guid":{"rendered":"http:\/\/sindesvdf.com.br\/news\/?p=10722"},"modified":"2018-05-03T15:05:05","modified_gmt":"2018-05-03T18:05:05","slug":"atencao-vigilantes-da-feira-dos-importados-e-que-eram-da-empresa-mistral","status":"publish","type":"post","link":"https:\/\/sindesvdf.com.br\/news\/atencao-vigilantes-da-feira-dos-importados-e-que-eram-da-empresa-mistral\/","title":{"rendered":"Aten\u00e7\u00e3o vigilantes da Feira dos Importados e que eram da empresa Mistral"},"content":{"rendered":"<p class=\"m-1817448799043064749ydpdc260443msonormal\" style=\"background-image: initial; background-position: initial; background-size: initial; background-repeat: initial; background-attachment: initial; background-origin: initial; background-clip: initial;\"><span style=\"font-family: 'Helvetica','sans-serif'; color: #222222;\"><img loading=\"lazy\" decoding=\"async\" class=\"aligncenter wp-image-10724 size-large\" src=\"http:\/\/sindesvdf.com.br\/news\/wp-content\/uploads\/2018\/05\/Logo-2-790x444.jpeg\" alt=\"\" width=\"790\" height=\"444\" srcset=\"https:\/\/sindesvdf.com.br\/news\/wp-content\/uploads\/2018\/05\/Logo-2-790x444.jpeg 790w, https:\/\/sindesvdf.com.br\/news\/wp-content\/uploads\/2018\/05\/Logo-2-300x169.jpeg 300w, https:\/\/sindesvdf.com.br\/news\/wp-content\/uploads\/2018\/05\/Logo-2-768x432.jpeg 768w, https:\/\/sindesvdf.com.br\/news\/wp-content\/uploads\/2018\/05\/Logo-2-150x84.jpeg 150w, https:\/\/sindesvdf.com.br\/news\/wp-content\/uploads\/2018\/05\/Logo-2-250x141.jpeg 250w, https:\/\/sindesvdf.com.br\/news\/wp-content\/uploads\/2018\/05\/Logo-2.jpeg 1021w\" sizes=\"auto, (max-width: 790px) 100vw, 790px\" \/><\/span><\/p>\n<h2 style=\"text-align: center;\"><span style=\"color: #ff0000;\"><strong>Reuni\u00e3o no SINDESV-DF,<\/strong><\/span><br \/>\n<span style=\"color: #ff0000;\"><strong><span style=\"font-size: 23px;\">sexta-feira, 04\/05, \u00e0s 09h (para quem estiver de folga)<\/span><br \/>\n<span style=\"font-size: 23px;\">segunda-feira, 07\/05, \u00e0s 09h (para quem estiver de folga)<\/span><\/strong><\/span><\/h2>\n<p>&nbsp;<\/p>\n<p class=\"m-1817448799043064749ydpdc260443msonormal\" style=\"background-image: initial; background-position: initial; background-size: initial; background-repeat: initial; background-attachment: initial; background-origin: initial; background-clip: initial; text-align: justify;\"><span style=\"font-family: Helvetica, sans-serif; color: #222222; font-size: 18px;\">O SINDESV-DF convoca todos os vigilantes que eram da empresa Mistral e prestam servi\u00e7o na Feira dos Importados para participarem de reuni\u00e3o, onde abordaremos assunto do interesse de todos e todas.<\/span><\/p>\n<p class=\"m-1817448799043064749ydpdc260443msonormal\" style=\"background-image: initial; background-position: initial; background-size: initial; background-repeat: initial; background-attachment: initial; background-origin: initial; background-clip: initial; text-align: justify;\"><span style=\"font-family: 'Helvetica','sans-serif'; color: #222222;\"><span style=\"font-size: 18px;\">Contamos com a sua presen\u00e7a!<\/span><\/span><\/p>\n<p><span style=\"font-size: 18px;\">O assunto da reuni\u00e3o \u00e9 sobre as Verbas Rescis\u00f3rias<\/span><\/p>\n<hr \/>\n<p style=\"text-align: center;\"><span style=\"color: #ff0000;\"><strong>SindesvDF<\/strong> <\/span>&#8211; <em>Sempre Vigilante em Defesa da Categoria<\/em><\/p>\n<p class=\"wpf_wrapper\"><a class=\"print_link\" href=\"\" target=\"_blank\">Preparar para impress\u00e3o<\/a><\/p><!-- .wpf_wrapper -->","protected":false},"excerpt":{"rendered":"<p>Reuni\u00e3o no SINDESV-DF, sexta-feira, 04\/05, \u00e0s 09h (para quem estiver de folga) segunda-feira, 07\/05, \u00e0s 09h (para quem estiver de&hellip; <\/p>\n","protected":false},"author":1,"featured_media":0,"comment_status":"closed","ping_status":"closed","sticky":false,"template":"","format":"standard","meta":{"footnotes":""},"categories":[7],"tags":[],"class_list":["post-10722","post","type-post","status-publish","format-standard","hentry","category-noticias"],"jetpack_featured_media_url":"","_links":{"self":[{"href":"https:\/\/sindesvdf.com.br\/news\/wp-json\/wp\/v2\/posts\/10722","targetHints":{"allow":["GET"]}}],"collection":[{"href":"https:\/\/sindesvdf.com.br\/news\/wp-json\/wp\/v2\/posts"}],"about":[{"href":"https:\/\/sindesvdf.com.br\/news\/wp-json\/wp\/v2\/types\/post"}],"author":[{"embeddable":true,"href":"https:\/\/sindesvdf.com.br\/news\/wp-json\/wp\/v2\/users\/1"}],"replies":[{"embeddable":true,"href":"https:\/\/sindesvdf.com.br\/news\/wp-json\/wp\/v2\/comments?post=10722"}],"version-history":[{"count":3,"href":"https:\/\/sindesvdf.com.br\/news\/wp-json\/wp\/v2\/posts\/10722\/revisions"}],"predecessor-version":[{"id":10726,"href":"https:\/\/sindesvdf.com.br\/news\/wp-json\/wp\/v2\/posts\/10722\/revisions\/10726"}],"wp:attachment":[{"href":"https:\/\/sindesvdf.com.br\/news\/wp-json\/wp\/v2\/media?parent=10722"}],"wp:term":[{"taxonomy":"category","embeddable":true,"href":"https:\/\/sindesvdf.com.br\/news\/wp-json\/wp\/v2\/categories?post=10722"},{"taxonomy":"post_tag","embeddable":true,"href":"https:\/\/sindesvdf.com.br\/news\/wp-json\/wp\/v2\/tags?post=10722"}],"curies":[{"name":"wp","href":"https:\/\/api.w.org\/{rel}","templated":true}]}}