{"id":10727,"date":"2018-05-03T15:46:37","date_gmt":"2018-05-03T18:46:37","guid":{"rendered":"http:\/\/sindesvdf.com.br\/news\/?p=10727"},"modified":"2018-05-09T17:08:11","modified_gmt":"2018-05-09T20:08:11","slug":"maio-lilas-reforca-importancia-de-sindicatos-na-defesa-dos-direitos-trabalhistas","status":"publish","type":"post","link":"https:\/\/sindesvdf.com.br\/news\/maio-lilas-reforca-importancia-de-sindicatos-na-defesa-dos-direitos-trabalhistas\/","title":{"rendered":"Maio Lil\u00e1s refor\u00e7a import\u00e2ncia de sindicatos na defesa dos direitos trabalhistas"},"content":{"rendered":"<p style=\"text-align: justify;\"><span style=\"font-size: 18px;\"><img loading=\"lazy\" decoding=\"async\" class=\"aligncenter wp-image-10729 size-full\" src=\"http:\/\/sindesvdf.com.br\/news\/wp-content\/uploads\/2018\/05\/03-05-18.jpg\" alt=\"\" width=\"700\" height=\"400\" srcset=\"https:\/\/sindesvdf.com.br\/news\/wp-content\/uploads\/2018\/05\/03-05-18.jpg 700w, https:\/\/sindesvdf.com.br\/news\/wp-content\/uploads\/2018\/05\/03-05-18-300x171.jpg 300w, https:\/\/sindesvdf.com.br\/news\/wp-content\/uploads\/2018\/05\/03-05-18-150x86.jpg 150w, https:\/\/sindesvdf.com.br\/news\/wp-content\/uploads\/2018\/05\/03-05-18-250x143.jpg 250w\" sizes=\"auto, (max-width: 700px) 100vw, 700px\" \/><\/span><\/p>\n<p style=\"text-align: justify;\"><span style=\"font-size: 18px;\">O Minist\u00e9rio P\u00fablico do Trabalho (MPT) lan\u00e7a na pr\u00f3xima segunda-feira (7) a campanha Maio Lil\u00e1s, que ter\u00e1 diversas atividades no sentido de lembrar a import\u00e2ncia de discutir a liberdade sindical e da participa\u00e7\u00e3o dos trabalhadores e trabalhadoras na atua\u00e7\u00e3o dos sindicatos para a promo\u00e7\u00e3o da defesa dos seus direitos. As a\u00e7\u00f5es incluem debates, exposi\u00e7\u00f5es, ilumina\u00e7\u00e3o de pr\u00e9dios p\u00fablicos, entre outras atividades promovidas pela Procuradoria-Geral do Trabalho (PGT) e pelas procuradorias regionais, nos estados.<\/span><\/p>\n<p style=\"text-align: justify;\"><span style=\"font-size: 18px;\">O lan\u00e7amento ser\u00e1, na sede da PGT, em Bras\u00edlia, em conjunto com a Procuradoria Regional do Trabalho no Distrito Federal e Tocantins (PRT 10). O evento contar\u00e1 com uma mesa-redonda sobre o tema &#8220;Liberdade sindical e reforma trabalhista&#8221;, bem como com o lan\u00e7amento da revista em quadrinhos sobre &#8220;sindicatos&#8221; e\u00a0<a href=\"http:\/\/www.reformadaclt.com.br\/\">do site<\/a>, que traz informa\u00e7\u00f5es para trabalhadores e empregadores sobre a &#8220;reforma&#8221; trabalhista.<\/span><\/p>\n<p style=\"text-align: justify;\"><span style=\"font-size: 18px;\">Para o procurador do MPT e coordenador nacional de Promo\u00e7\u00e3o da Liberdade Sindical, Jo\u00e3o Hil\u00e1rio Valentim, &#8220;a discuss\u00e3o da liberdade sindical e da participa\u00e7\u00e3o dos trabalhadores nos seus sindicatos ganha relev\u00e2ncia este ano, em especial em raz\u00e3o das mudan\u00e7as promovidas nas rela\u00e7\u00f5es de trabalho por for\u00e7a da Lei 13.467, a lei da reforma trabalhista. A campanha Maio Lil\u00e1s teve in\u00edcio no ano de 2017, como uma das a\u00e7\u00f5es da coordenadoria, e, neste ano, ganha relevo em especial por conta da reforma trabalhista&#8221;, esclarece.<\/span><\/p>\n<p style=\"text-align: justify;\"><span style=\"font-size: 18px;\">Hil\u00e1rio explica que existem, atualmente, diversos obst\u00e1culos \u00e0s atividades dos sindicatos \u2013 como a dificuldade de custeio \u2013 o que se agravou ap\u00f3s a reforma, que tornou facultativa a contribui\u00e7\u00e3o sindical. &#8220;Um sindicato precisa de recursos para promover as a\u00e7\u00f5es de defesa dos interesses de seus representados e a crise no custeio afeta diretamente a a\u00e7\u00e3o sindical&#8221;, conclui o procurador.\u00a0<\/span><\/p>\n<h3 style=\"text-align: justify;\"><span style=\"font-size: 18px;\"><strong>Debate<\/strong><\/span><\/h3>\n<p style=\"text-align: justify;\"><span style=\"font-size: 18px;\">Participar\u00e3o da mesa-redonda procuradores e representantes de entidades sindicais patronais e de trabalhadores, como CSB, CUT, a Federa\u00e7\u00e3o Nacional das Empresas de Servi\u00e7os Cont\u00e1beis (Fenacon) e a Confedera\u00e7\u00e3o Nacional do Com\u00e9rcio de Bens, Servi\u00e7os e Turismo (CNC).\u00a0A mesa-redonda tamb\u00e9m abordar\u00e1 pontos como liberdade sindical, pr\u00e1ticas antissindicais, negocia\u00e7\u00e3o coletiva e direito de associa\u00e7\u00e3o, entre outros.<\/span><\/p>\n<p style=\"text-align: justify;\"><span style=\"font-size: 18px;\">Tamb\u00e9m ser\u00e3o lan\u00e7ados o site e um v\u00eddeo sobre a reforma trabalhista, esclarecendo detalhes sobre as mudan\u00e7as implementadas e explicando o que muda ap\u00f3s a aprova\u00e7\u00e3o da nova legisla\u00e7\u00e3o. As duas ferramentas foram idealizadas pela procuradora do Trabalho Vanessa Patriota da Fonseca, vice-coordenadora nacional de Combate \u00e0s Fraudes Trabalhistas (Conafret). Ser\u00e1 inaugurado, no mesmo evento, o Instagram do MPT e da Procuradoria Regional do Trabalho no Distrito Federal e Tocantins (PRT 10).\u00a0<\/span><\/p>\n<h3 style=\"text-align: justify;\"><span style=\"font-size: 18px;\"><strong>Campanha<\/strong><\/span><\/h3>\n<p style=\"text-align: justify;\"><span style=\"font-size: 18px;\">Ao longo do m\u00eas de maio, cada procuradoria regional ter\u00e1 uma programa\u00e7\u00e3o local para o Maio Lil\u00e1s. Entre as atividades previstas est\u00e3o a ilumina\u00e7\u00e3o das sedes da institui\u00e7\u00e3o, em todo o pa\u00eds, com a cor lil\u00e1s, bem como a aplica\u00e7\u00e3o de la\u00e7os e fitas nos edif\u00edcios p\u00fablicos. Tamb\u00e9m ser\u00e3o enviados of\u00edcios \u00e0s autoridades locais solicitando que iluminem pr\u00e9dios p\u00fablicos. Al\u00e9m disso, ser\u00e3o distribu\u00eddos, para o p\u00fablico, exemplares da mais recente edi\u00e7\u00e3o do &#8220;MPT Quadrinhos&#8221;, sobre sindicatos, bem como promovidos f\u00f3runs, debates e exposi\u00e7\u00f5es sobre o tema.<\/span><\/p>\n<p style=\"text-align: justify;\"><span style=\"font-size: 18px;\">A cor lil\u00e1s \u00e9 uma homenagem \u00e0s 129 mulheres trabalhadoras, que foram trancadas e queimadas vivas em um inc\u00eandio criminoso numa f\u00e1brica de tecidos, em Nova York, em 8 de mar\u00e7o de 1857, por reivindicar um sal\u00e1rio justo e redu\u00e7\u00e3o da jornada de trabalho. No momento do inc\u00eandio, era confeccionado um tecido de cor lil\u00e1s.<\/span><\/p>\n<p style=\"text-align: right;\"><span style=\"font-family: Abel, sans-serif; color: #ff0000;\"><em>Fonte: Rede Brasil Atual<\/em><\/span><\/p>\n<p style=\"text-align: justify;\">\n<hr \/>\n<p style=\"text-align: center;\"><span style=\"color: #ff0000;\"><strong>SindesvDF<\/strong> <\/span>&#8211; <em>Sempre Vigilante em Defesa da Categoria<\/em><\/p>\n<p class=\"wpf_wrapper\"><a class=\"print_link\" href=\"\" target=\"_blank\">Preparar para impress\u00e3o<\/a><\/p><!-- .wpf_wrapper -->","protected":false},"excerpt":{"rendered":"<p>O Minist\u00e9rio P\u00fablico do Trabalho (MPT) lan\u00e7a na pr\u00f3xima segunda-feira (7) a campanha Maio Lil\u00e1s, que ter\u00e1 diversas atividades no&hellip; <\/p>\n","protected":false},"author":1,"featured_media":0,"comment_status":"closed","ping_status":"closed","sticky":false,"template":"","format":"standard","meta":{"footnotes":""},"categories":[7],"tags":[],"class_list":["post-10727","post","type-post","status-publish","format-standard","hentry","category-noticias"],"jetpack_featured_media_url":"","_links":{"self":[{"href":"https:\/\/sindesvdf.com.br\/news\/wp-json\/wp\/v2\/posts\/10727","targetHints":{"allow":["GET"]}}],"collection":[{"href":"https:\/\/sindesvdf.com.br\/news\/wp-json\/wp\/v2\/posts"}],"about":[{"href":"https:\/\/sindesvdf.com.br\/news\/wp-json\/wp\/v2\/types\/post"}],"author":[{"embeddable":true,"href":"https:\/\/sindesvdf.com.br\/news\/wp-json\/wp\/v2\/users\/1"}],"replies":[{"embeddable":true,"href":"https:\/\/sindesvdf.com.br\/news\/wp-json\/wp\/v2\/comments?post=10727"}],"version-history":[{"count":2,"href":"https:\/\/sindesvdf.com.br\/news\/wp-json\/wp\/v2\/posts\/10727\/revisions"}],"predecessor-version":[{"id":10730,"href":"https:\/\/sindesvdf.com.br\/news\/wp-json\/wp\/v2\/posts\/10727\/revisions\/10730"}],"wp:attachment":[{"href":"https:\/\/sindesvdf.com.br\/news\/wp-json\/wp\/v2\/media?parent=10727"}],"wp:term":[{"taxonomy":"category","embeddable":true,"href":"https:\/\/sindesvdf.com.br\/news\/wp-json\/wp\/v2\/categories?post=10727"},{"taxonomy":"post_tag","embeddable":true,"href":"https:\/\/sindesvdf.com.br\/news\/wp-json\/wp\/v2\/tags?post=10727"}],"curies":[{"name":"wp","href":"https:\/\/api.w.org\/{rel}","templated":true}]}}