{"id":10734,"date":"2018-05-08T14:15:40","date_gmt":"2018-05-08T17:15:40","guid":{"rendered":"http:\/\/sindesvdf.com.br\/news\/?p=10734"},"modified":"2019-08-20T16:23:57","modified_gmt":"2019-08-20T19:23:57","slug":"ministerio-publico-do-trabalho-lanca-campanha-contra-nova-lei-trabalhista","status":"publish","type":"post","link":"https:\/\/sindesvdf.com.br\/news\/ministerio-publico-do-trabalho-lanca-campanha-contra-nova-lei-trabalhista\/","title":{"rendered":"Minist\u00e9rio P\u00fablico do Trabalho lan\u00e7a campanha contra nova lei trabalhista"},"content":{"rendered":"<p><span style=\"font-size: 18px;\"><img loading=\"lazy\" decoding=\"async\" class=\"aligncenter wp-image-10736 size-full\" src=\"http:\/\/sindesvdf.com.br\/news\/wp-content\/uploads\/2018\/05\/08-05-18.jpg\" alt=\"\" width=\"700\" height=\"400\" srcset=\"https:\/\/sindesvdf.com.br\/news\/wp-content\/uploads\/2018\/05\/08-05-18.jpg 700w, https:\/\/sindesvdf.com.br\/news\/wp-content\/uploads\/2018\/05\/08-05-18-300x171.jpg 300w, https:\/\/sindesvdf.com.br\/news\/wp-content\/uploads\/2018\/05\/08-05-18-150x86.jpg 150w, https:\/\/sindesvdf.com.br\/news\/wp-content\/uploads\/2018\/05\/08-05-18-250x143.jpg 250w\" sizes=\"auto, (max-width: 700px) 100vw, 700px\" \/><\/span><\/p>\n<p style=\"text-align: justify;\"><span style=\"font-size: 18px;\">O Minist\u00e9rio P\u00fablico do Trabalho lan\u00e7ou segunda (7) a campanha Maio Lil\u00e1s, que tem por objetivo resgatar os direitos dos trabalhadores perdidos com a reforma trabalhista de Michel Temer (Lei 13.467\/17). O evento, no audit\u00f3rio da PGT, em Bras\u00edlia, teve mesa-redonda procuradores e representantes de entidades sindicais de trabalhadores e patronais.<\/span><\/p>\n<p style=\"text-align: justify;\"><span style=\"font-size: 18px;\">Al\u00e9m do debate, ontem foram lan\u00e7ados o site da campanha (<strong><a href=\"http:\/\/www.reformadaclt.com.br\/\" target=\"_blank\" rel=\"noopener noreferrer\">www.reformadaclt.com.br\/<\/a><\/strong>) e um v\u00eddeo sobre a reforma trabalhista, esclarecendo detalhes sobre as mudan\u00e7as implementadas e explicando o que muda ap\u00f3s a aprova\u00e7\u00e3o da nova legisla\u00e7\u00e3o.<\/span><\/p>\n<p style=\"text-align: justify;\"><span style=\"font-size: 18px;\">A iniciativa, que tem apoio das Centrais Sindicais e Sindicatos de todo o Pa\u00eds, conta com diversas atividades durante o m\u00eas de maio. O MPT promover\u00e1 a\u00e7\u00f5es para fortalecer a liberdade sindical, incluindo a ilumina\u00e7\u00e3o das sedes da institui\u00e7\u00e3o com a cor lil\u00e1s, bem como a aplica\u00e7\u00e3o de la\u00e7os e fitas nos edif\u00edcios p\u00fablicos.<\/span><\/p>\n<p style=\"text-align: justify;\"><span style=\"font-size: 18px;\">O presidente da Nova Central, Jos\u00e9 Calixto Ramos, disse \u00e0\u00a0<strong>Ag\u00eancia Sindical<\/strong>\u00a0que movimentos como esse s\u00e3o importantes, a fim de ampliar o debate com a sociedade sobre o tamanho do estrago causado pela nova lei trabalhista. \u201c<em>A iniciativa \u00e9 um incentivo \u00e0 participa\u00e7\u00e3o sindical. As entidades devem adotar a campanha, para mostrar \u00e0 popula\u00e7\u00e3o a import\u00e2ncia da prote\u00e7\u00e3o do Sindicato, \u00fanica ferramenta de defesa do trabalhador<\/em>\u201d, explica.<\/span><\/p>\n<p style=\"text-align: justify;\"><span style=\"font-size: 18px;\"><strong>Ataques &#8211;<\/strong>\u00a0Calixto lembra que, al\u00e9m de enfraquecer os Sindicatos retirando sua fonte de custeio, o governo tenta desmontar a prote\u00e7\u00e3o do trabalhador tem na Justi\u00e7a do Trabalho.<\/span><\/p>\n<p style=\"text-align: justify;\"><span style=\"font-size: 18px;\">\u201c<em>O trabalhador precisa que entender que, al\u00e9m de atacar a atua\u00e7\u00e3o sindical a partir da sua sustenta\u00e7\u00e3o financeira, o governo e parte do Congresso Nacional querem acabar com a Justi\u00e7a do Trabalho. A nova lei cria dificuldades a quem precisa entrar com a\u00e7\u00f5es judiciais<\/em>\u201d, frisa.<\/span><\/p>\n<p style=\"text-align: justify;\"><span style=\"font-size: 18px;\">Segundo o procurador Jo\u00e3o Hil\u00e1rio Valentim, coordenador nacional de Promo\u00e7\u00e3o da Liberdade Sindical, a reforma trabalhista coloca diversos obst\u00e1culos \u00e0s atividades dos Sindicatos, principalmente ao tornar facultativa a contribui\u00e7\u00e3o sindical. \u201c<em>Um Sindicato precisa de recursos para promover as a\u00e7\u00f5es em defesa dos seus representados. A crise no custeio afeta diretamente a a\u00e7\u00e3o sindical<\/em>\u201d, comenta.<\/span><\/p>\n<p style=\"text-align: justify;\"><span style=\"font-size: 18px;\"><strong>Campanha &#8211;<\/strong>\u00a0O Maio Lil\u00e1s teve in\u00edcio no ano passado. A cor lil\u00e1s \u00e9 uma homenagem \u00e0s 129 mulheres trabalhadoras, que foram queimadas vivas num inc\u00eandio criminoso numa f\u00e1brica de tecidos em Nova Iorque, dia 8 de mar\u00e7o de 1857. Elas reivindicavam sal\u00e1rio justo e redu\u00e7\u00e3o da jornada de trabalho. No momento do inc\u00eandio, era confeccionado um tecido de cor lil\u00e1s.<\/span><\/p>\n<p style=\"text-align: right;\"><em><span style=\"color: #ff0000;\">Fonte: Ag\u00eancia Sindical<\/span><\/em><\/p>\n<p>&nbsp;<\/p>\n<hr \/>\n<p style=\"text-align: center;\"><span style=\"color: #ff0000;\"><strong>SindesvDF<\/strong> <\/span>&#8211; <em>Sempre Vigilante em Defesa da Categoria<\/em><\/p>\n<p class=\"wpf_wrapper\"><a class=\"print_link\" href=\"\" target=\"_blank\">Preparar para impress\u00e3o<\/a><\/p><!-- .wpf_wrapper -->","protected":false},"excerpt":{"rendered":"<p>O Minist\u00e9rio P\u00fablico do Trabalho lan\u00e7ou segunda (7) a campanha Maio Lil\u00e1s, que tem por objetivo resgatar os direitos dos&hellip; <\/p>\n","protected":false},"author":1,"featured_media":0,"comment_status":"closed","ping_status":"closed","sticky":false,"template":"","format":"standard","meta":{"footnotes":""},"categories":[112],"tags":[],"class_list":["post-10734","post","type-post","status-publish","format-standard","hentry","category-as-reformas-do-mal"],"jetpack_featured_media_url":"","_links":{"self":[{"href":"https:\/\/sindesvdf.com.br\/news\/wp-json\/wp\/v2\/posts\/10734","targetHints":{"allow":["GET"]}}],"collection":[{"href":"https:\/\/sindesvdf.com.br\/news\/wp-json\/wp\/v2\/posts"}],"about":[{"href":"https:\/\/sindesvdf.com.br\/news\/wp-json\/wp\/v2\/types\/post"}],"author":[{"embeddable":true,"href":"https:\/\/sindesvdf.com.br\/news\/wp-json\/wp\/v2\/users\/1"}],"replies":[{"embeddable":true,"href":"https:\/\/sindesvdf.com.br\/news\/wp-json\/wp\/v2\/comments?post=10734"}],"version-history":[{"count":9,"href":"https:\/\/sindesvdf.com.br\/news\/wp-json\/wp\/v2\/posts\/10734\/revisions"}],"predecessor-version":[{"id":13344,"href":"https:\/\/sindesvdf.com.br\/news\/wp-json\/wp\/v2\/posts\/10734\/revisions\/13344"}],"wp:attachment":[{"href":"https:\/\/sindesvdf.com.br\/news\/wp-json\/wp\/v2\/media?parent=10734"}],"wp:term":[{"taxonomy":"category","embeddable":true,"href":"https:\/\/sindesvdf.com.br\/news\/wp-json\/wp\/v2\/categories?post=10734"},{"taxonomy":"post_tag","embeddable":true,"href":"https:\/\/sindesvdf.com.br\/news\/wp-json\/wp\/v2\/tags?post=10734"}],"curies":[{"name":"wp","href":"https:\/\/api.w.org\/{rel}","templated":true}]}}