{"id":10744,"date":"2018-05-09T09:01:10","date_gmt":"2018-05-09T12:01:10","guid":{"rendered":"http:\/\/sindesvdf.com.br\/news\/?p=10744"},"modified":"2018-05-09T09:03:32","modified_gmt":"2018-05-09T12:03:32","slug":"processo-do-adicional-de-risco-de-vida-sobre-as-ferias-e-13o-salario-dos-vigilantes-da-brasfort","status":"publish","type":"post","link":"https:\/\/sindesvdf.com.br\/news\/processo-do-adicional-de-risco-de-vida-sobre-as-ferias-e-13o-salario-dos-vigilantes-da-brasfort\/","title":{"rendered":"Processo do Adicional de Risco de Vida sobre as f\u00e9rias e 13\u00ba Sal\u00e1rio dos vigilantes da Brasfort"},"content":{"rendered":"<p class=\"m-4630983346263853166ydp90546254msonormal\" style=\"background: white; text-align: justify;\"><span style=\"font-size: 14.0pt; font-family: 'Helvetica','sans-serif'; color: #222222;\"><img loading=\"lazy\" decoding=\"async\" class=\"aligncenter wp-image-10748 size-large\" src=\"http:\/\/sindesvdf.com.br\/news\/wp-content\/uploads\/2018\/05\/Logo-2-1-790x444.jpeg\" alt=\"\" width=\"790\" height=\"444\" srcset=\"https:\/\/sindesvdf.com.br\/news\/wp-content\/uploads\/2018\/05\/Logo-2-1-790x444.jpeg 790w, https:\/\/sindesvdf.com.br\/news\/wp-content\/uploads\/2018\/05\/Logo-2-1-300x169.jpeg 300w, https:\/\/sindesvdf.com.br\/news\/wp-content\/uploads\/2018\/05\/Logo-2-1-768x432.jpeg 768w, https:\/\/sindesvdf.com.br\/news\/wp-content\/uploads\/2018\/05\/Logo-2-1-150x84.jpeg 150w, https:\/\/sindesvdf.com.br\/news\/wp-content\/uploads\/2018\/05\/Logo-2-1-250x141.jpeg 250w, https:\/\/sindesvdf.com.br\/news\/wp-content\/uploads\/2018\/05\/Logo-2-1.jpeg 1021w\" sizes=\"auto, (max-width: 790px) 100vw, 790px\" \/><span style=\"font-size: 18px;\">O Sindicato informa que no dia 04\/05 foi proferido despacho sobre o processo 0000187-07.2014.5.10.000, referente ao n\u00e3o pagamento do Adicional de Risco de Vida sobre as f\u00e9rias e o 13\u00ba sal\u00e1rio, per\u00edodo 2011 a 2013, dos vigilantes da Brasfort. O excelent\u00edssimo Juiz da 4\u00aa Vara do Trabalho de Bras\u00edlia determinou \u00e0 empresa reclamada Brasfort o prazo de 120 dias para juntar aos autos do processo a documenta\u00e7\u00e3o financeira de todos os funcion\u00e1rios com o objetivo de apurar os valores do referido processo.<\/span><\/span><\/p>\n<p class=\"m-4630983346263853166ydp90546254msonormal\" style=\"background: white; text-align: justify;\"><span style=\"font-size: 18px; font-family: Helvetica, sans-serif; color: #222222;\">O prazo de 120 dias, segundo alega\u00e7\u00e3o do Juiz, se d\u00e1 pelo elevado n\u00famero de documentos a serem disponibilizados aos autos e, caso a empresa Brasfort n\u00e3o consiga apresentar a documenta\u00e7\u00e3o no prazo estipulado de 120 dias aos autos do processo, o juiz determinar\u00e1 uma per\u00edcia cont\u00e1bil que ser\u00e1 custeada pela empresa para levantamento da documenta\u00e7\u00e3o exigida.<\/span><\/p>\n<hr \/>\n<p style=\"text-align: center;\"><span style=\"color: #ff0000;\"><strong>SindesvDF<\/strong> <\/span>&#8211; <em>Sempre Vigilante em Defesa da Categoria<\/em><\/p>\n<p class=\"wpf_wrapper\"><a class=\"print_link\" href=\"\" target=\"_blank\">Preparar para impress\u00e3o<\/a><\/p><!-- .wpf_wrapper -->","protected":false},"excerpt":{"rendered":"<p>O Sindicato informa que no dia 04\/05 foi proferido despacho sobre o processo 0000187-07.2014.5.10.000, referente ao n\u00e3o pagamento do Adicional&hellip; <\/p>\n","protected":false},"author":1,"featured_media":0,"comment_status":"closed","ping_status":"closed","sticky":false,"template":"","format":"standard","meta":{"footnotes":""},"categories":[7,101],"tags":[],"class_list":["post-10744","post","type-post","status-publish","format-standard","hentry","category-noticias","category-olho-vivo"],"jetpack_featured_media_url":"","_links":{"self":[{"href":"https:\/\/sindesvdf.com.br\/news\/wp-json\/wp\/v2\/posts\/10744","targetHints":{"allow":["GET"]}}],"collection":[{"href":"https:\/\/sindesvdf.com.br\/news\/wp-json\/wp\/v2\/posts"}],"about":[{"href":"https:\/\/sindesvdf.com.br\/news\/wp-json\/wp\/v2\/types\/post"}],"author":[{"embeddable":true,"href":"https:\/\/sindesvdf.com.br\/news\/wp-json\/wp\/v2\/users\/1"}],"replies":[{"embeddable":true,"href":"https:\/\/sindesvdf.com.br\/news\/wp-json\/wp\/v2\/comments?post=10744"}],"version-history":[{"count":4,"href":"https:\/\/sindesvdf.com.br\/news\/wp-json\/wp\/v2\/posts\/10744\/revisions"}],"predecessor-version":[{"id":10749,"href":"https:\/\/sindesvdf.com.br\/news\/wp-json\/wp\/v2\/posts\/10744\/revisions\/10749"}],"wp:attachment":[{"href":"https:\/\/sindesvdf.com.br\/news\/wp-json\/wp\/v2\/media?parent=10744"}],"wp:term":[{"taxonomy":"category","embeddable":true,"href":"https:\/\/sindesvdf.com.br\/news\/wp-json\/wp\/v2\/categories?post=10744"},{"taxonomy":"post_tag","embeddable":true,"href":"https:\/\/sindesvdf.com.br\/news\/wp-json\/wp\/v2\/tags?post=10744"}],"curies":[{"name":"wp","href":"https:\/\/api.w.org\/{rel}","templated":true}]}}