{"id":10763,"date":"2018-05-10T16:17:57","date_gmt":"2018-05-10T19:17:57","guid":{"rendered":"http:\/\/sindesvdf.com.br\/news\/?p=10763"},"modified":"2018-05-10T16:17:57","modified_gmt":"2018-05-10T19:17:57","slug":"nota-de-pesar","status":"publish","type":"post","link":"https:\/\/sindesvdf.com.br\/news\/nota-de-pesar\/","title":{"rendered":"Nota de Pesar"},"content":{"rendered":"<p class=\"m-3815614333869345897ydpcf881ab4msonormal\" style=\"background: white; text-align: justify;\"><span style=\"font-size: 18px; font-family: Helvetica, sans-serif; color: #222222;\"><img loading=\"lazy\" decoding=\"async\" class=\"aligncenter wp-image-10765 size-large\" src=\"http:\/\/sindesvdf.com.br\/news\/wp-content\/uploads\/2018\/05\/10-05-18-01-790x451.jpg\" alt=\"\" width=\"790\" height=\"451\" srcset=\"https:\/\/sindesvdf.com.br\/news\/wp-content\/uploads\/2018\/05\/10-05-18-01-790x451.jpg 790w, https:\/\/sindesvdf.com.br\/news\/wp-content\/uploads\/2018\/05\/10-05-18-01-300x171.jpg 300w, https:\/\/sindesvdf.com.br\/news\/wp-content\/uploads\/2018\/05\/10-05-18-01-768x439.jpg 768w, https:\/\/sindesvdf.com.br\/news\/wp-content\/uploads\/2018\/05\/10-05-18-01-150x86.jpg 150w, https:\/\/sindesvdf.com.br\/news\/wp-content\/uploads\/2018\/05\/10-05-18-01-250x143.jpg 250w\" sizes=\"auto, (max-width: 790px) 100vw, 790px\" \/><\/span><\/p>\n<p class=\"m-3815614333869345897ydpcf881ab4msonormal\" style=\"background: white; text-align: justify;\"><span style=\"font-size: 18px; font-family: Helvetica, sans-serif; color: #222222;\">\u00c9 com profunda indigna\u00e7\u00e3o e pesar que o Sindicato dos Vigilantes do DF comunica o falecimento do vigilante Luiz Mario Fernandes, assassinado por bandidos na madrugada desta quinta-feira, 10\/05, na Escola Classe Jib\u00f3ia, na zona rural de Ceil\u00e2ndia. Ele foi encontrado sem vida dentro da guarita nesta manh\u00e3, alvejado por 4 tiros.<\/span><\/p>\n<p class=\"m-3815614333869345897ydpcf881ab4msonormal\" style=\"background: white; font-variant-ligatures: normal; font-variant-caps: normal; orphans: 2; text-align: justify; widows: 2; -webkit-text-stroke-width: 0px; text-decoration-style: initial; text-decoration-color: initial; word-spacing: 0px;\"><span style=\"font-size: 18px; font-family: Helvetica, sans-serif; color: #222222;\">O Sindicato esteve no local e vem tomando todas as provid\u00eancias, e prestando apoio aos familiares, cobrando das autoridades a pris\u00e3o e puni\u00e7\u00e3o dos covardes assassinos.<\/span><\/p>\n<p class=\"m-3815614333869345897ydpcf881ab4msonormal\" style=\"background: white; font-variant-ligatures: normal; font-variant-caps: normal; orphans: 2; text-align: justify; widows: 2; -webkit-text-stroke-width: 0px; text-decoration-style: initial; text-decoration-color: initial; word-spacing: 0px;\"><span style=\"font-size: 18px; font-family: Helvetica, sans-serif; color: #222222;\">Tamb\u00e9m encaminhamos of\u00edcio ao Secret\u00e1rio de Educa\u00e7\u00e3o cobrando o aumento do efetivo de vigilantes, melhores condi\u00e7\u00f5es de trabalho, e cobramos tamb\u00e9m que todos os vigilantes de escolas, do dia ou da noite, sejam armados, e que nas escolas sejam colocadas c\u00e2meras para auxiliar o vigilante, tanto na \u00e1rea rural como na urbana, pois com o aumento da criminalidade e posto de servi\u00e7o com apenas um vigilante, tem resultado em assaltos e mortes. <\/span><\/p>\n<p class=\"m-3815614333869345897ydpcf881ab4msonormal\" style=\"background: white; font-variant-ligatures: normal; font-variant-caps: normal; orphans: 2; text-align: justify; widows: 2; -webkit-text-stroke-width: 0px; text-decoration-style: initial; text-decoration-color: initial; word-spacing: 0px;\"><span style=\"font-size: 18px; font-family: Helvetica, sans-serif; color: #222222;\">A dire\u00e7\u00e3o do Sindicato cobrou ainda melhores condi\u00e7\u00f5es de trabalho, com guaritas que protejam o trabalhador. A neglig\u00eancia de prestadores e tomadores de servi\u00e7o custou mais uma vida. N\u00e3o podemos aceitar que os vigilantes sejam tratados com tamanho desrespeito.<\/span><\/p>\n<p>&nbsp;<\/p>\n<p><img loading=\"lazy\" decoding=\"async\" class=\"alignleft size-full wp-image-10766\" src=\"http:\/\/sindesvdf.com.br\/news\/wp-content\/uploads\/2018\/05\/Of\u00edcio-SEE-01.jpg\" alt=\"\" width=\"2480\" height=\"3508\" srcset=\"https:\/\/sindesvdf.com.br\/news\/wp-content\/uploads\/2018\/05\/Of\u00edcio-SEE-01.jpg 2480w, https:\/\/sindesvdf.com.br\/news\/wp-content\/uploads\/2018\/05\/Of\u00edcio-SEE-01-212x300.jpg 212w, https:\/\/sindesvdf.com.br\/news\/wp-content\/uploads\/2018\/05\/Of\u00edcio-SEE-01-768x1086.jpg 768w, https:\/\/sindesvdf.com.br\/news\/wp-content\/uploads\/2018\/05\/Of\u00edcio-SEE-01-558x790.jpg 558w, https:\/\/sindesvdf.com.br\/news\/wp-content\/uploads\/2018\/05\/Of\u00edcio-SEE-01-106x150.jpg 106w\" sizes=\"auto, (max-width: 2480px) 100vw, 2480px\" \/> <img loading=\"lazy\" decoding=\"async\" class=\"alignleft size-full wp-image-10767\" src=\"http:\/\/sindesvdf.com.br\/news\/wp-content\/uploads\/2018\/05\/Of\u00edcio-SEE-02.jpg\" alt=\"\" width=\"2480\" height=\"3508\" srcset=\"https:\/\/sindesvdf.com.br\/news\/wp-content\/uploads\/2018\/05\/Of\u00edcio-SEE-02.jpg 2480w, https:\/\/sindesvdf.com.br\/news\/wp-content\/uploads\/2018\/05\/Of\u00edcio-SEE-02-212x300.jpg 212w, https:\/\/sindesvdf.com.br\/news\/wp-content\/uploads\/2018\/05\/Of\u00edcio-SEE-02-768x1086.jpg 768w, https:\/\/sindesvdf.com.br\/news\/wp-content\/uploads\/2018\/05\/Of\u00edcio-SEE-02-558x790.jpg 558w, https:\/\/sindesvdf.com.br\/news\/wp-content\/uploads\/2018\/05\/Of\u00edcio-SEE-02-106x150.jpg 106w\" sizes=\"auto, (max-width: 2480px) 100vw, 2480px\" \/><\/p>\n<hr \/>\n<p style=\"text-align: center;\"><span style=\"color: #ff0000;\"><strong>SindesvDF<\/strong> <\/span>&#8211; <em>Sempre Vigilante em Defesa da Categoria<\/em><\/p>\n<p class=\"wpf_wrapper\"><a class=\"print_link\" href=\"\" target=\"_blank\">Preparar para impress\u00e3o<\/a><\/p><!-- .wpf_wrapper -->","protected":false},"excerpt":{"rendered":"<p>\u00c9 com profunda indigna\u00e7\u00e3o e pesar que o Sindicato dos Vigilantes do DF comunica o falecimento do vigilante Luiz Mario&hellip; <\/p>\n","protected":false},"author":1,"featured_media":0,"comment_status":"closed","ping_status":"closed","sticky":false,"template":"","format":"standard","meta":{"footnotes":""},"categories":[7],"tags":[],"class_list":["post-10763","post","type-post","status-publish","format-standard","hentry","category-noticias"],"jetpack_featured_media_url":"","_links":{"self":[{"href":"https:\/\/sindesvdf.com.br\/news\/wp-json\/wp\/v2\/posts\/10763","targetHints":{"allow":["GET"]}}],"collection":[{"href":"https:\/\/sindesvdf.com.br\/news\/wp-json\/wp\/v2\/posts"}],"about":[{"href":"https:\/\/sindesvdf.com.br\/news\/wp-json\/wp\/v2\/types\/post"}],"author":[{"embeddable":true,"href":"https:\/\/sindesvdf.com.br\/news\/wp-json\/wp\/v2\/users\/1"}],"replies":[{"embeddable":true,"href":"https:\/\/sindesvdf.com.br\/news\/wp-json\/wp\/v2\/comments?post=10763"}],"version-history":[{"count":2,"href":"https:\/\/sindesvdf.com.br\/news\/wp-json\/wp\/v2\/posts\/10763\/revisions"}],"predecessor-version":[{"id":10768,"href":"https:\/\/sindesvdf.com.br\/news\/wp-json\/wp\/v2\/posts\/10763\/revisions\/10768"}],"wp:attachment":[{"href":"https:\/\/sindesvdf.com.br\/news\/wp-json\/wp\/v2\/media?parent=10763"}],"wp:term":[{"taxonomy":"category","embeddable":true,"href":"https:\/\/sindesvdf.com.br\/news\/wp-json\/wp\/v2\/categories?post=10763"},{"taxonomy":"post_tag","embeddable":true,"href":"https:\/\/sindesvdf.com.br\/news\/wp-json\/wp\/v2\/tags?post=10763"}],"curies":[{"name":"wp","href":"https:\/\/api.w.org\/{rel}","templated":true}]}}