{"id":10769,"date":"2018-05-10T16:38:40","date_gmt":"2018-05-10T19:38:40","guid":{"rendered":"http:\/\/sindesvdf.com.br\/news\/?p=10769"},"modified":"2019-08-20T16:23:35","modified_gmt":"2019-08-20T19:23:35","slug":"ministerio-publico-do-trabalho-lanca-campanha-maio-lilas","status":"publish","type":"post","link":"https:\/\/sindesvdf.com.br\/news\/ministerio-publico-do-trabalho-lanca-campanha-maio-lilas\/","title":{"rendered":"Minist\u00e9rio P\u00fablico do Trabalho lan\u00e7a campanha Maio Lil\u00e1s"},"content":{"rendered":"<figure id=\"attachment_10772\" aria-describedby=\"caption-attachment-10772\" style=\"width: 754px\" class=\"wp-caption aligncenter\"><img loading=\"lazy\" decoding=\"async\" class=\"wp-image-10772 size-full\" src=\"http:\/\/sindesvdf.com.br\/news\/wp-content\/uploads\/2018\/05\/wdol_abr0705182131_1.jpg\" alt=\"\" width=\"754\" height=\"496\" srcset=\"https:\/\/sindesvdf.com.br\/news\/wp-content\/uploads\/2018\/05\/wdol_abr0705182131_1.jpg 754w, https:\/\/sindesvdf.com.br\/news\/wp-content\/uploads\/2018\/05\/wdol_abr0705182131_1-300x197.jpg 300w, https:\/\/sindesvdf.com.br\/news\/wp-content\/uploads\/2018\/05\/wdol_abr0705182131_1-150x99.jpg 150w, https:\/\/sindesvdf.com.br\/news\/wp-content\/uploads\/2018\/05\/wdol_abr0705182131_1-228x150.jpg 228w\" sizes=\"auto, (max-width: 754px) 100vw, 754px\" \/><figcaption id=\"caption-attachment-10772\" class=\"wp-caption-text\"><span style=\"font-size: 12px;\">O Minist\u00e9rio P\u00fablico do Trabalho (MPT) lan\u00e7a a campanha Maio Lil\u00e1s, que ressalta a import\u00e2ncia de discutir a liberdade sindical e a participa\u00e7\u00e3o dos trabalhadores na atua\u00e7\u00e3o dos sindicatos para a promo\u00e7\u00e3o da defesa dos seus direitos.<\/span><\/figcaption><\/figure>\n<p>A import\u00e2ncia da liberdade sindical e da participa\u00e7\u00e3o dos trabalhadores e trabalhadoras nos sindicatos, como forma de atuar em defesa de seus direitos, s\u00e3o os principais destaques da campanha Maio Lil\u00e1s realizada pelo Minist\u00e9rio P\u00fablico do Trabalho (MPT).<\/p>\n<p>Para o MPT, os sindicatos s\u00e3o essenciais para promover a defesa dos trabalhadores. Por isso\u00a0a contribui\u00e7\u00e3o social\u00a0 \u00e9 importante para a independ\u00eancia financeira dessas entidades.<\/p>\n<p>Nesse sentido, ser\u00e1 realizada uma s\u00e9rie de atividades que cumprem a fun\u00e7\u00e3o de divulgar de forma coordenada o Maio Lil\u00e1s, tais como:<\/p>\n<ol>\n<li>Ilumina\u00e7\u00e3o de suas sedes, em todo pa\u00eds, com a tonalidade lil\u00e1s;<\/li>\n<li>Coloca\u00e7\u00e3o de la\u00e7os e\/ou faixas lilases nos edif\u00edcios de suas sedes;<\/li>\n<li>Divulga\u00e7\u00e3o da vers\u00e3o digital da revista n\u00ba 34, sobre sindicatos, da s\u00e9rie <strong><em>\u201cMPT em Quadrinhos\u201d<\/em><\/strong>, bem como a inser\u00e7\u00e3o nos respectivos sites;<\/li>\n<li>Coloca\u00e7\u00e3o de mensagens em seus sites, alusivas \u00e0 atua\u00e7\u00e3o sindical democr\u00e1tica e participativa, utilizando a mensagem:<em> \u201cConquiste direitos com uni\u00e3o e participa\u00e7\u00e3o\u201d.<\/em><\/li>\n<\/ol>\n<p>Acesse\u00a0aqui\u00a0(<a href=\"http:\/\/sindesvdf.com.br\/news\/?3d-flip-book=quadrinhos-mpt-sindicato\"><strong>MPT em Quadrinhos &#8211; Sindicatos<\/strong><\/a>) a revista em quadrinhos que o MPT lan\u00e7ou na abertura do Maio Lil\u00e1s, em defesa dos direitos do trabalhador.<\/p>\n<p>A institui\u00e7\u00e3o tamb\u00e9m lan\u00e7ou um site sobre a reforma trabalhista com v\u00eddeos, entrevistas e artigos, que podem se acessados\u00a0aqui\u00a0(<strong><a href=\"http:\/\/www.reformadaclt.com.br\/\">http:\/\/www.reformadaclt.com.br\/<\/a><\/strong>).<\/p>\n<p style=\"text-align: right;\">Fonte: CMSP<\/p>\n<hr \/>\n<p style=\"text-align: center;\"><span style=\"color: #ff0000;\"><strong>SindesvDF<\/strong> <\/span>&#8211; <em>Sempre Vigilante em Defesa da Categoria<\/em><\/p>\n<p class=\"wpf_wrapper\"><a class=\"print_link\" href=\"\" target=\"_blank\">Preparar para impress\u00e3o<\/a><\/p><!-- .wpf_wrapper -->","protected":false},"excerpt":{"rendered":"<p>A import\u00e2ncia da liberdade sindical e da participa\u00e7\u00e3o dos trabalhadores e trabalhadoras nos sindicatos, como forma de atuar em defesa&hellip; <\/p>\n","protected":false},"author":1,"featured_media":0,"comment_status":"closed","ping_status":"closed","sticky":false,"template":"","format":"standard","meta":{"footnotes":""},"categories":[112],"tags":[],"class_list":["post-10769","post","type-post","status-publish","format-standard","hentry","category-as-reformas-do-mal"],"jetpack_featured_media_url":"","_links":{"self":[{"href":"https:\/\/sindesvdf.com.br\/news\/wp-json\/wp\/v2\/posts\/10769","targetHints":{"allow":["GET"]}}],"collection":[{"href":"https:\/\/sindesvdf.com.br\/news\/wp-json\/wp\/v2\/posts"}],"about":[{"href":"https:\/\/sindesvdf.com.br\/news\/wp-json\/wp\/v2\/types\/post"}],"author":[{"embeddable":true,"href":"https:\/\/sindesvdf.com.br\/news\/wp-json\/wp\/v2\/users\/1"}],"replies":[{"embeddable":true,"href":"https:\/\/sindesvdf.com.br\/news\/wp-json\/wp\/v2\/comments?post=10769"}],"version-history":[{"count":15,"href":"https:\/\/sindesvdf.com.br\/news\/wp-json\/wp\/v2\/posts\/10769\/revisions"}],"predecessor-version":[{"id":10790,"href":"https:\/\/sindesvdf.com.br\/news\/wp-json\/wp\/v2\/posts\/10769\/revisions\/10790"}],"wp:attachment":[{"href":"https:\/\/sindesvdf.com.br\/news\/wp-json\/wp\/v2\/media?parent=10769"}],"wp:term":[{"taxonomy":"category","embeddable":true,"href":"https:\/\/sindesvdf.com.br\/news\/wp-json\/wp\/v2\/categories?post=10769"},{"taxonomy":"post_tag","embeddable":true,"href":"https:\/\/sindesvdf.com.br\/news\/wp-json\/wp\/v2\/tags?post=10769"}],"curies":[{"name":"wp","href":"https:\/\/api.w.org\/{rel}","templated":true}]}}