{"id":10839,"date":"2018-05-15T13:06:23","date_gmt":"2018-05-15T16:06:23","guid":{"rendered":"http:\/\/sindesvdf.com.br\/news\/?p=10839"},"modified":"2018-05-15T13:08:33","modified_gmt":"2018-05-15T16:08:33","slug":"qual-e-o-prazo-para-o-inss-analisar-um-processo-de-aposentadoria","status":"publish","type":"post","link":"https:\/\/sindesvdf.com.br\/news\/qual-e-o-prazo-para-o-inss-analisar-um-processo-de-aposentadoria\/","title":{"rendered":"Qual \u00e9 o prazo para o INSS analisar um processo de aposentadoria?"},"content":{"rendered":"<p style=\"text-align: justify;\"><span style=\"font-size: 18px;\"><img loading=\"lazy\" decoding=\"async\" class=\"aligncenter wp-image-10841 size-full\" src=\"http:\/\/sindesvdf.com.br\/news\/wp-content\/uploads\/2018\/05\/15-05-2018.jpg\" alt=\"\" width=\"700\" height=\"400\" srcset=\"https:\/\/sindesvdf.com.br\/news\/wp-content\/uploads\/2018\/05\/15-05-2018.jpg 700w, https:\/\/sindesvdf.com.br\/news\/wp-content\/uploads\/2018\/05\/15-05-2018-300x171.jpg 300w, https:\/\/sindesvdf.com.br\/news\/wp-content\/uploads\/2018\/05\/15-05-2018-150x86.jpg 150w, https:\/\/sindesvdf.com.br\/news\/wp-content\/uploads\/2018\/05\/15-05-2018-250x143.jpg 250w\" sizes=\"auto, (max-width: 700px) 100vw, 700px\" \/><\/span><\/p>\n<p style=\"text-align: justify;\"><span style=\"font-size: 18px;\">Aumentou a procura pela aposentadoria. Tamb\u00e9m ficou mais f\u00e1cil agendar o pedido do benef\u00edcio e, por isso, n\u00e3o se v\u00ea mais aquelas longas filas na porta do INSS, mas a velocidade na hora de analisar o processo continua a mesma. \u00c9 lenta.<\/span><\/p>\n<p style=\"text-align: justify;\"><span style=\"font-size: 18px;\"><strong>Qual \u00e9 o prazo para a Previd\u00eancia analisar um processo de aposentadoria?<\/strong><\/span><\/p>\n<p style=\"text-align: justify;\"><span style=\"font-size: 18px;\">N\u00e3o tem mais filas na porta da Previd\u00eancia por que as filas foram transferidas para dentro do computador.<\/span><\/p>\n<p style=\"text-align: justify;\"><span style=\"font-size: 18px;\">A lei\u00a0<a href=\"http:\/\/www.jusbrasil.com.br\/legislacao\/104076\/lei-de-procedimento-administrativo-lei-9784-99\">9.784<\/a>\/99, prev\u00ea em seu artigo\u00a0<a href=\"http:\/\/www.jusbrasil.com.br\/topicos\/11321309\/artigo-49-da-lei-n-9784-de-29-de-janeiro-de-1999\">49<\/a>, que:<\/span><\/p>\n<p style=\"text-align: justify;\"><span style=\"font-size: 18px;\"><em>Conclu\u00edda a instru\u00e7\u00e3o de processo administrativo, a Administra\u00e7\u00e3o tem o prazo de at\u00e9 trinta dias para decidir, salvo prorroga\u00e7\u00e3o por igual per\u00edodo expressamente motivada.<\/em><\/span><\/p>\n<p style=\"text-align: justify;\"><span style=\"font-size: 18px;\">Em raz\u00e3o desta amea\u00e7a, mesmo sem a resposta da Previd\u00eancia, poder\u00e1 reclamar seu direito na Justi\u00e7a.<\/span><\/p>\n<p style=\"text-align: justify;\"><span style=\"font-size: 18px;\">Portanto, o prazo de an\u00e1lise e concess\u00e3o\/indeferimento deve observar o prazo m\u00e1ximo de 60 dias (nos casos de prorroga\u00e7\u00e3o).<\/span><\/p>\n<p style=\"text-align: justify;\"><span style=\"font-size: 18px;\"><strong>O que o trabalhador pode fazer para evitar esta demora tamb\u00e9m no judici\u00e1rio?<\/strong><\/span><\/p>\n<p style=\"text-align: justify;\"><span style=\"font-size: 18px;\">Existe um caminho que est\u00e1 dando certo: a Ouvidoria do INSS. Este \u00e9 um instrumento pouco utilizado pelos contribuintes.<\/span><\/p>\n<p style=\"text-align: justify;\"><span style=\"font-size: 18px;\">Quem est\u00e1 com um processo atrasado pode fazer uma\u00a0<a href=\"https:\/\/www.inss.gov.br\/ouvidoria\/\">reclama\u00e7\u00e3o na Ouvidoria do INSS<\/a>.<\/span><\/p>\n<p style=\"text-align: justify;\"><strong><span style=\"font-size: 18px;\">E se o INSS n\u00e3o atender a reclama\u00e7\u00e3o?<\/span><\/strong><\/p>\n<p style=\"text-align: justify;\"><span style=\"font-size: 18px;\">Os ju\u00edzes federais se reuniram e aprovaram uma decis\u00e3o coletiva que diz assim: &#8220;A comprova\u00e7\u00e3o de den\u00fancia da negativa de protocolo de pedido de concess\u00e3o de benef\u00edcio, feita perante a Ouvidoria da Previd\u00eancia Social, supre a exig\u00eancia de comprova\u00e7\u00e3o de pr\u00e9vio requerimento administrativo nas a\u00e7\u00f5es de benef\u00edcios da seguridade social.&#8221;<\/span><\/p>\n<p style=\"text-align: justify;\"><span style=\"font-size: 18px;\">Ou pode impetrar um mandado de seguran\u00e7a para que o prazo de 30 dias seja respeitado.<\/span><\/p>\n<p style=\"text-align: justify;\"><span style=\"font-size: 18px;\"><strong>Este atraso do INSS \u00e9 comum?<\/strong><\/span><\/p>\n<p style=\"text-align: justify;\"><span style=\"font-size: 18px;\">Isto acontece com regularidade, sim. O trabalhador trabalha a vida toda e na hora da aposentadoria as coisas n\u00e3o s\u00e3o como deveriam ser.<\/span><\/p>\n<p style=\"text-align: justify;\"><span style=\"font-size: 18px;\">O que posso dizer \u00e9 para n\u00e3o ficar esperando, esperando, esperando, al\u00e9m do tempo definido pelo Tribunais Brasileiros.<\/span><\/p>\n<p style=\"text-align: justify;\"><span style=\"font-size: 18px;\">Caso o trabalhador perceba que o benef\u00edcio vai ser negado ou n\u00e3o analisado, deve tomar as provid\u00eancias legais o mais r\u00e1pido poss\u00edvel para n\u00e3o ficar neste \u201cchove n\u00e3o molha\u201d.<\/span><\/p>\n<p style=\"text-align: justify;\"><span style=\"font-size: 18px;\"><strong>A reclama\u00e7\u00e3o pode ser feita para qualquer tipo de aposentadoria em atraso?<\/strong><\/span><\/p>\n<p style=\"text-align: justify;\"><span style=\"font-size: 18px;\">Sim. N\u00e3o importa se \u00e9 uma aposentadoria por tempo de contribui\u00e7\u00e3o, aposentadoria por idad<a href=\"https:\/\/g1.globo.com\/sp\/ribeirao-preto-franca\/pode-perguntar\/noticia\/quantos-anos-de-contribuicao-sao-necessarios-para-ter-direito-a-aposentadoria-por-idade.ghtml\">e<\/a>\u00a0ou aposentadoria especial. Depois de decorrido um tempo razo\u00e1vel de dura\u00e7\u00e3o do processo, o trabalhador j\u00e1 pode tomar provid\u00eancias.<\/span><\/p>\n<p style=\"text-align: right;\"><span style=\"font-size: 17px;\"><em><span style=\"color: #ff0000;\">Fonte: G1<\/span><\/em><\/span><\/p>\n<p>&nbsp;<\/p>\n<hr \/>\n<p style=\"text-align: center;\"><span style=\"color: #ff0000;\"><strong>SindesvDF<\/strong> <\/span>&#8211; <em>Sempre Vigilante em Defesa da Categoria<\/em><\/p>\n<p class=\"wpf_wrapper\"><a class=\"print_link\" href=\"\" target=\"_blank\">Preparar para impress\u00e3o<\/a><\/p><!-- .wpf_wrapper -->","protected":false},"excerpt":{"rendered":"<p>Aumentou a procura pela aposentadoria. Tamb\u00e9m ficou mais f\u00e1cil agendar o pedido do benef\u00edcio e, por isso, n\u00e3o se v\u00ea&hellip; <\/p>\n","protected":false},"author":1,"featured_media":0,"comment_status":"closed","ping_status":"closed","sticky":false,"template":"","format":"standard","meta":{"footnotes":""},"categories":[7],"tags":[],"class_list":["post-10839","post","type-post","status-publish","format-standard","hentry","category-noticias"],"jetpack_featured_media_url":"","_links":{"self":[{"href":"https:\/\/sindesvdf.com.br\/news\/wp-json\/wp\/v2\/posts\/10839","targetHints":{"allow":["GET"]}}],"collection":[{"href":"https:\/\/sindesvdf.com.br\/news\/wp-json\/wp\/v2\/posts"}],"about":[{"href":"https:\/\/sindesvdf.com.br\/news\/wp-json\/wp\/v2\/types\/post"}],"author":[{"embeddable":true,"href":"https:\/\/sindesvdf.com.br\/news\/wp-json\/wp\/v2\/users\/1"}],"replies":[{"embeddable":true,"href":"https:\/\/sindesvdf.com.br\/news\/wp-json\/wp\/v2\/comments?post=10839"}],"version-history":[{"count":2,"href":"https:\/\/sindesvdf.com.br\/news\/wp-json\/wp\/v2\/posts\/10839\/revisions"}],"predecessor-version":[{"id":10842,"href":"https:\/\/sindesvdf.com.br\/news\/wp-json\/wp\/v2\/posts\/10839\/revisions\/10842"}],"wp:attachment":[{"href":"https:\/\/sindesvdf.com.br\/news\/wp-json\/wp\/v2\/media?parent=10839"}],"wp:term":[{"taxonomy":"category","embeddable":true,"href":"https:\/\/sindesvdf.com.br\/news\/wp-json\/wp\/v2\/categories?post=10839"},{"taxonomy":"post_tag","embeddable":true,"href":"https:\/\/sindesvdf.com.br\/news\/wp-json\/wp\/v2\/tags?post=10839"}],"curies":[{"name":"wp","href":"https:\/\/api.w.org\/{rel}","templated":true}]}}