{"id":10846,"date":"2018-05-16T14:10:20","date_gmt":"2018-05-16T17:10:20","guid":{"rendered":"http:\/\/sindesvdf.com.br\/news\/?p=10846"},"modified":"2019-08-20T16:23:22","modified_gmt":"2019-08-20T19:23:22","slug":"reforma-trabalhista-dificulta-acesso-a-justica-e-estimula-fraudes-avalia-juiz-do-trabalho","status":"publish","type":"post","link":"https:\/\/sindesvdf.com.br\/news\/reforma-trabalhista-dificulta-acesso-a-justica-e-estimula-fraudes-avalia-juiz-do-trabalho\/","title":{"rendered":"Reforma trabalhista dificulta acesso \u00e0 Justi\u00e7a e estimula fraudes, avalia juiz do Trabalho"},"content":{"rendered":"<p style=\"text-align: justify;\"><span style=\"font-size: 18px;\"><img loading=\"lazy\" decoding=\"async\" class=\"aligncenter wp-image-10848 size-full\" src=\"http:\/\/sindesvdf.com.br\/news\/wp-content\/uploads\/2018\/05\/16-05-18.png\" alt=\"\" width=\"700\" height=\"400\" srcset=\"https:\/\/sindesvdf.com.br\/news\/wp-content\/uploads\/2018\/05\/16-05-18.png 700w, https:\/\/sindesvdf.com.br\/news\/wp-content\/uploads\/2018\/05\/16-05-18-300x171.png 300w, https:\/\/sindesvdf.com.br\/news\/wp-content\/uploads\/2018\/05\/16-05-18-150x86.png 150w, https:\/\/sindesvdf.com.br\/news\/wp-content\/uploads\/2018\/05\/16-05-18-250x143.png 250w\" sizes=\"auto, (max-width: 700px) 100vw, 700px\" \/><\/span><\/p>\n<p style=\"text-align: justify;\"><span style=\"font-size: 18px;\">A Lei\u00a0<a href=\"http:\/\/www.jusbrasil.com.br\/legislacao\/478059431\/lei-13467-17\">13.467<\/a>\/2017, relativa \u00e0 reforma trabalhista, dificulta o acesso do trabalhador \u00e0 Justi\u00e7a e estimula fraudes. A avalia\u00e7\u00e3o \u00e9 do juiz do Trabalho Felipe Calvet, membro da Comiss\u00e3o Legislativa da Anamatra. O magistrado representou a entidade nesta segunda (14\/5), em audi\u00eancia p\u00fablica promovida pela Comiss\u00e3o de Direitos Humanos e Legisla\u00e7\u00e3o Participativa (CDH) do Senado Federal para discutir os seis meses da reforma trabalhista.<\/span><\/p>\n<p style=\"text-align: justify;\"><span style=\"font-size: 18px;\">Em sua interven\u00e7\u00e3o, o magistrado afirmou que a reforma trabalhista foi na contram\u00e3o do mote de seus defensores, que era o da melhoria das condi\u00e7\u00f5es dos trabalhadores. \u201cAs les\u00f5es aos direitos continuaram iguais ou provavelmente aumentaram, assim como as fraudes\u201d, avaliou Calvet.<\/span><\/p>\n<p style=\"text-align: justify;\"><span style=\"font-size: 18px;\">Na avalia\u00e7\u00e3o do magistrado, as mudan\u00e7as que a legisla\u00e7\u00e3o trabalhista vem sofrendo no decorrer da hist\u00f3ria sempre favoreceram os empregadores. \u201cVejo isso de um modo muito claro, principalmente quando h\u00e1 transa\u00e7\u00e3o ou acordo, que \u00e9 t\u00e3o buscado pelo CNJ e os tribunais superiores\u201d, declarou. Para o juiz, a legisla\u00e7\u00e3o trabalhista \u00e9 permissiva quando possibilita que sejam efetivados acordos nos quais h\u00e1, por exemplo, ren\u00fancias de valores sobre os quais incidiram parcelas previdenci\u00e1rias, FGTS, entre outras.<\/span><\/p>\n<p style=\"text-align: justify;\"><span style=\"font-size: 18px;\">Calvet tamb\u00e9m criticou os entraves impostos pela reforma ao acesso \u00e0 Justi\u00e7a gratuita com a imposi\u00e7\u00e3o dos honor\u00e1rios de sucumb\u00eancia, bem como de pagamento de custas por n\u00e3o comparecimento \u00e0 audi\u00eancia. \u201cPor sua vez, o empregador que n\u00e3o vai \u00e0 Justi\u00e7a do Trabalho, mas vai o advogado, que pode apresentar a defesa com documentos, n\u00e3o \u00e9 punido. \u00c9 evidente o desequil\u00edbrio\u201d, opinou.<\/span><\/p>\n<p style=\"text-align: justify;\"><span style=\"font-size: 18px;\">Para Felipe Calvet, a moderniza\u00e7\u00e3o da legisla\u00e7\u00e3o trabalhista passa, por exemplo, pelo combate aos acordos fraudulentos. Nesse aspecto, falou de sua esperan\u00e7a no Estatuto do Trabalho, gestado no \u00e2mbito da Comiss\u00e3o de Direitos Humanos com a participa\u00e7\u00e3o da Anamatra. \u201cEsperamos que seja uma legisla\u00e7\u00e3o justa, sem restri\u00e7\u00f5es de direitos, para quem quer que seja\u201d, finalizou.<\/span><\/p>\n<p style=\"text-align: justify;\">\n<p style=\"text-align: right;\"><em><span style=\"color: #ff0000;\">Fonte: JusBrasil<\/span><\/em><\/p>\n<hr \/>\n<p style=\"text-align: center;\"><span style=\"color: #ff0000;\"><strong>SindesvDF<\/strong> <\/span>&#8211; <em>Sempre Vigilante em Defesa da Categoria<\/em><\/p>\n<p class=\"wpf_wrapper\"><a class=\"print_link\" href=\"\" target=\"_blank\">Preparar para impress\u00e3o<\/a><\/p><!-- .wpf_wrapper -->","protected":false},"excerpt":{"rendered":"<p>A Lei\u00a013.467\/2017, relativa \u00e0 reforma trabalhista, dificulta o acesso do trabalhador \u00e0 Justi\u00e7a e estimula fraudes. A avalia\u00e7\u00e3o \u00e9 do&hellip; <\/p>\n","protected":false},"author":1,"featured_media":0,"comment_status":"closed","ping_status":"closed","sticky":false,"template":"","format":"standard","meta":{"footnotes":""},"categories":[112],"tags":[],"class_list":["post-10846","post","type-post","status-publish","format-standard","hentry","category-as-reformas-do-mal"],"jetpack_featured_media_url":"","_links":{"self":[{"href":"https:\/\/sindesvdf.com.br\/news\/wp-json\/wp\/v2\/posts\/10846","targetHints":{"allow":["GET"]}}],"collection":[{"href":"https:\/\/sindesvdf.com.br\/news\/wp-json\/wp\/v2\/posts"}],"about":[{"href":"https:\/\/sindesvdf.com.br\/news\/wp-json\/wp\/v2\/types\/post"}],"author":[{"embeddable":true,"href":"https:\/\/sindesvdf.com.br\/news\/wp-json\/wp\/v2\/users\/1"}],"replies":[{"embeddable":true,"href":"https:\/\/sindesvdf.com.br\/news\/wp-json\/wp\/v2\/comments?post=10846"}],"version-history":[{"count":2,"href":"https:\/\/sindesvdf.com.br\/news\/wp-json\/wp\/v2\/posts\/10846\/revisions"}],"predecessor-version":[{"id":10849,"href":"https:\/\/sindesvdf.com.br\/news\/wp-json\/wp\/v2\/posts\/10846\/revisions\/10849"}],"wp:attachment":[{"href":"https:\/\/sindesvdf.com.br\/news\/wp-json\/wp\/v2\/media?parent=10846"}],"wp:term":[{"taxonomy":"category","embeddable":true,"href":"https:\/\/sindesvdf.com.br\/news\/wp-json\/wp\/v2\/categories?post=10846"},{"taxonomy":"post_tag","embeddable":true,"href":"https:\/\/sindesvdf.com.br\/news\/wp-json\/wp\/v2\/tags?post=10846"}],"curies":[{"name":"wp","href":"https:\/\/api.w.org\/{rel}","templated":true}]}}