{"id":10972,"date":"2018-05-22T11:44:38","date_gmt":"2018-05-22T14:44:38","guid":{"rendered":"http:\/\/sindesvdf.com.br\/news\/?p=10972"},"modified":"2018-05-22T11:44:38","modified_gmt":"2018-05-22T14:44:38","slug":"trt-10-marca-audiencia-de-conciliacao","status":"publish","type":"post","link":"https:\/\/sindesvdf.com.br\/news\/trt-10-marca-audiencia-de-conciliacao\/","title":{"rendered":"TRT 10 marca audi\u00eancia de concilia\u00e7\u00e3o"},"content":{"rendered":"<p class=\"m-2831721403210508652ydp9d353a27msonormal\" style=\"background: white;\"><span style=\"font-size: 14.0pt; font-family: 'Helvetica','sans-serif'; color: #222222;\"><img loading=\"lazy\" decoding=\"async\" class=\"aligncenter size-full wp-image-10974\" src=\"http:\/\/sindesvdf.com.br\/news\/wp-content\/uploads\/2018\/05\/SINDESV_Audi\u00eancia_de_Concilia\u00e7\u00e3o_V02-site.png\" alt=\"\" width=\"700\" height=\"400\" srcset=\"https:\/\/sindesvdf.com.br\/news\/wp-content\/uploads\/2018\/05\/SINDESV_Audi\u00eancia_de_Concilia\u00e7\u00e3o_V02-site.png 700w, https:\/\/sindesvdf.com.br\/news\/wp-content\/uploads\/2018\/05\/SINDESV_Audi\u00eancia_de_Concilia\u00e7\u00e3o_V02-site-300x171.png 300w, https:\/\/sindesvdf.com.br\/news\/wp-content\/uploads\/2018\/05\/SINDESV_Audi\u00eancia_de_Concilia\u00e7\u00e3o_V02-site-150x86.png 150w, https:\/\/sindesvdf.com.br\/news\/wp-content\/uploads\/2018\/05\/SINDESV_Audi\u00eancia_de_Concilia\u00e7\u00e3o_V02-site-250x143.png 250w\" sizes=\"auto, (max-width: 700px) 100vw, 700px\" \/><\/span><\/p>\n<p class=\"m-2831721403210508652ydp9d353a27msonormal\" style=\"background: white; text-align: justify;\"><span style=\"font-size: 18px; font-family: Helvetica, sans-serif; color: #222222;\">A Desembargadora do Trabalho, Dr\u00aa Maria Regina Machado Guimar\u00e3es, encaminhou despacho ao SINDESV-DF e ao Sindicato Patronal marcando mais uma audi\u00eancia de concilia\u00e7\u00e3o sobre a nossa data-base 2018, para o dia 25\/05, \u00e0s 15 horas. A audi\u00eancia ocorrer\u00e1 na sala de sess\u00f5es.<\/span><\/p>\n<p class=\"m-2831721403210508652ydp9d353a27msonormal\" style=\"background: white; font-variant-ligatures: normal; font-variant-caps: normal; orphans: 2; text-align: justify; widows: 2; -webkit-text-stroke-width: 0px; text-decoration-style: initial; text-decoration-color: initial; word-spacing: 0px;\"><span style=\"font-size: 18px; font-family: Helvetica, sans-serif; color: #222222;\">Nesta audi\u00eancia a desembargadora intermediar\u00e1 mais uma tentativa de negocia\u00e7\u00e3o para as cl\u00e1usulas pendentes, entre o Sindicato dos Vigilantes e o Sindicato Patronal.<\/span><\/p>\n<hr \/>\n<p style=\"text-align: center;\"><span style=\"color: #ff0000;\"><strong>SindesvDF<\/strong> <\/span>&#8211; <em>Sempre Vigilante em Defesa da Categoria<\/em><\/p>\n<p class=\"wpf_wrapper\"><a class=\"print_link\" href=\"\" target=\"_blank\">Preparar para impress\u00e3o<\/a><\/p><!-- .wpf_wrapper -->","protected":false},"excerpt":{"rendered":"<p>A Desembargadora do Trabalho, Dr\u00aa Maria Regina Machado Guimar\u00e3es, encaminhou despacho ao SINDESV-DF e ao Sindicato Patronal marcando mais uma&hellip; <\/p>\n","protected":false},"author":1,"featured_media":0,"comment_status":"closed","ping_status":"closed","sticky":false,"template":"","format":"standard","meta":{"footnotes":""},"categories":[7],"tags":[],"class_list":["post-10972","post","type-post","status-publish","format-standard","hentry","category-noticias"],"jetpack_featured_media_url":"","_links":{"self":[{"href":"https:\/\/sindesvdf.com.br\/news\/wp-json\/wp\/v2\/posts\/10972","targetHints":{"allow":["GET"]}}],"collection":[{"href":"https:\/\/sindesvdf.com.br\/news\/wp-json\/wp\/v2\/posts"}],"about":[{"href":"https:\/\/sindesvdf.com.br\/news\/wp-json\/wp\/v2\/types\/post"}],"author":[{"embeddable":true,"href":"https:\/\/sindesvdf.com.br\/news\/wp-json\/wp\/v2\/users\/1"}],"replies":[{"embeddable":true,"href":"https:\/\/sindesvdf.com.br\/news\/wp-json\/wp\/v2\/comments?post=10972"}],"version-history":[{"count":2,"href":"https:\/\/sindesvdf.com.br\/news\/wp-json\/wp\/v2\/posts\/10972\/revisions"}],"predecessor-version":[{"id":10975,"href":"https:\/\/sindesvdf.com.br\/news\/wp-json\/wp\/v2\/posts\/10972\/revisions\/10975"}],"wp:attachment":[{"href":"https:\/\/sindesvdf.com.br\/news\/wp-json\/wp\/v2\/media?parent=10972"}],"wp:term":[{"taxonomy":"category","embeddable":true,"href":"https:\/\/sindesvdf.com.br\/news\/wp-json\/wp\/v2\/categories?post=10972"},{"taxonomy":"post_tag","embeddable":true,"href":"https:\/\/sindesvdf.com.br\/news\/wp-json\/wp\/v2\/tags?post=10972"}],"curies":[{"name":"wp","href":"https:\/\/api.w.org\/{rel}","templated":true}]}}