{"id":11055,"date":"2018-05-29T10:01:58","date_gmt":"2018-05-29T13:01:58","guid":{"rendered":"http:\/\/sindesvdf.com.br\/news\/?p=11055"},"modified":"2018-05-29T10:01:58","modified_gmt":"2018-05-29T13:01:58","slug":"no-palacio-do-buriti-vigilantes-sao-devolvidos-por-reivindicarem-o-basico-agua-para-beber","status":"publish","type":"post","link":"https:\/\/sindesvdf.com.br\/news\/no-palacio-do-buriti-vigilantes-sao-devolvidos-por-reivindicarem-o-basico-agua-para-beber\/","title":{"rendered":"No Pal\u00e1cio do Buriti, vigilantes s\u00e3o devolvidos por reivindicarem o b\u00e1sico: \u00e1gua para beber"},"content":{"rendered":"<p class=\"m748816005064059977ydp5721fd50msonormal\" style=\"background: white; text-align: justify;\"><span style=\"font-size: 18px; font-family: Helvetica, sans-serif; color: #222222;\"><img loading=\"lazy\" decoding=\"async\" class=\"aligncenter wp-image-11057 size-full\" src=\"http:\/\/sindesvdf.com.br\/news\/wp-content\/uploads\/2018\/05\/29-05-18.png\" alt=\"\" width=\"700\" height=\"400\" srcset=\"https:\/\/sindesvdf.com.br\/news\/wp-content\/uploads\/2018\/05\/29-05-18.png 700w, https:\/\/sindesvdf.com.br\/news\/wp-content\/uploads\/2018\/05\/29-05-18-300x171.png 300w, https:\/\/sindesvdf.com.br\/news\/wp-content\/uploads\/2018\/05\/29-05-18-150x86.png 150w, https:\/\/sindesvdf.com.br\/news\/wp-content\/uploads\/2018\/05\/29-05-18-250x143.png 250w\" sizes=\"auto, (max-width: 700px) 100vw, 700px\" \/><\/span><\/p>\n<p class=\"m748816005064059977ydp5721fd50msonormal\" style=\"background: white; text-align: justify;\"><span style=\"font-size: 18px; font-family: Helvetica, sans-serif; color: #222222;\">\u00c9 inacredit\u00e1vel a que ponto chega a maldade de pessoas despreparadas para exercer um cargo. Durante todo o dia de 28\/05, os vigilantes da Brasfort que prestam servi\u00e7o no anexo II do Pal\u00e1cio do Buriti, perceberam que na sala destinada aos mesmos, o garraf\u00e3o de \u00e1gua estava vazio. Ficaram sem \u00e1gua pot\u00e1vel at\u00e9 o meio da tarde e perguntaram \u00e0 pessoa encarregada de trocar o garraf\u00e3o quando o mesmo faria a troca e ele disse que o administrador predial do Pal\u00e1cio do Buriti o havia informado que n\u00e3o era mais para levar \u00e1gua para os vigilantes.<\/span><\/p>\n<p class=\"m748816005064059977ydp5721fd50msonormal\" style=\"background: white; font-variant-ligatures: normal; font-variant-caps: normal; orphans: 2; text-align: justify; widows: 2; -webkit-text-stroke-width: 0px; text-decoration-style: initial; text-decoration-color: initial; word-spacing: 0px;\"><span style=\"font-size: 18px; font-family: Helvetica, sans-serif; color: #222222;\">Diante disso, eles foram reivindicar esse direito b\u00e1sico, o acesso \u00e0 \u00e1gua pot\u00e1vel. Imediatamente o administrador predial chamou a Brasfort e devolveu os tr\u00eas vigilantes. Arrog\u00e2ncia, maldade, incompet\u00eancia s\u00e3o os adjetivos que podem explicar a conduta desse senhor.<\/span><\/p>\n<p class=\"m748816005064059977ydp5721fd50msonormal\" style=\"background: white; font-variant-ligatures: normal; font-variant-caps: normal; orphans: 2; text-align: justify; widows: 2; -webkit-text-stroke-width: 0px; text-decoration-style: initial; text-decoration-color: initial; word-spacing: 0px;\"><span style=\"font-size: 18px; font-family: Helvetica, sans-serif; color: #222222;\">O Sindicato dos Vigilantes est\u00e1 tomando todas as provid\u00eancias para resolver a situa\u00e7\u00e3o, denunciando aos \u00f3rg\u00e3os competentes e na defesa do emprego dos companheiros.<\/span><\/p>\n<hr \/>\n<p style=\"text-align: center;\"><span style=\"color: #ff0000;\"><strong>SindesvDF<\/strong> <\/span>&#8211; <em>Sempre Vigilante em Defesa da Categoria<\/em><\/p>\n<p class=\"wpf_wrapper\"><a class=\"print_link\" href=\"\" target=\"_blank\">Preparar para impress\u00e3o<\/a><\/p><!-- .wpf_wrapper -->","protected":false},"excerpt":{"rendered":"<p>\u00c9 inacredit\u00e1vel a que ponto chega a maldade de pessoas despreparadas para exercer um cargo. Durante todo o dia de&hellip; <\/p>\n","protected":false},"author":1,"featured_media":0,"comment_status":"closed","ping_status":"closed","sticky":false,"template":"","format":"standard","meta":{"footnotes":""},"categories":[7],"tags":[],"class_list":["post-11055","post","type-post","status-publish","format-standard","hentry","category-noticias"],"jetpack_featured_media_url":"","_links":{"self":[{"href":"https:\/\/sindesvdf.com.br\/news\/wp-json\/wp\/v2\/posts\/11055","targetHints":{"allow":["GET"]}}],"collection":[{"href":"https:\/\/sindesvdf.com.br\/news\/wp-json\/wp\/v2\/posts"}],"about":[{"href":"https:\/\/sindesvdf.com.br\/news\/wp-json\/wp\/v2\/types\/post"}],"author":[{"embeddable":true,"href":"https:\/\/sindesvdf.com.br\/news\/wp-json\/wp\/v2\/users\/1"}],"replies":[{"embeddable":true,"href":"https:\/\/sindesvdf.com.br\/news\/wp-json\/wp\/v2\/comments?post=11055"}],"version-history":[{"count":2,"href":"https:\/\/sindesvdf.com.br\/news\/wp-json\/wp\/v2\/posts\/11055\/revisions"}],"predecessor-version":[{"id":11058,"href":"https:\/\/sindesvdf.com.br\/news\/wp-json\/wp\/v2\/posts\/11055\/revisions\/11058"}],"wp:attachment":[{"href":"https:\/\/sindesvdf.com.br\/news\/wp-json\/wp\/v2\/media?parent=11055"}],"wp:term":[{"taxonomy":"category","embeddable":true,"href":"https:\/\/sindesvdf.com.br\/news\/wp-json\/wp\/v2\/categories?post=11055"},{"taxonomy":"post_tag","embeddable":true,"href":"https:\/\/sindesvdf.com.br\/news\/wp-json\/wp\/v2\/tags?post=11055"}],"curies":[{"name":"wp","href":"https:\/\/api.w.org\/{rel}","templated":true}]}}