{"id":11065,"date":"2018-06-01T11:17:32","date_gmt":"2018-06-01T14:17:32","guid":{"rendered":"http:\/\/sindesvdf.com.br\/news\/?p=11065"},"modified":"2018-06-01T11:17:32","modified_gmt":"2018-06-01T14:17:32","slug":"brt-gama-vigilantes-e-demais-terceirizados-vivem-situacao-de-calamidade","status":"publish","type":"post","link":"https:\/\/sindesvdf.com.br\/news\/brt-gama-vigilantes-e-demais-terceirizados-vivem-situacao-de-calamidade\/","title":{"rendered":"BRT Gama: Vigilantes e demais terceirizados vivem situa\u00e7\u00e3o de calamidade!"},"content":{"rendered":"<p><img loading=\"lazy\" decoding=\"async\" class=\"aligncenter wp-image-11067 size-large\" src=\"http:\/\/sindesvdf.com.br\/news\/wp-content\/uploads\/2018\/06\/Logo-2-790x444.jpeg\" alt=\"\" width=\"790\" height=\"444\" srcset=\"https:\/\/sindesvdf.com.br\/news\/wp-content\/uploads\/2018\/06\/Logo-2-790x444.jpeg 790w, https:\/\/sindesvdf.com.br\/news\/wp-content\/uploads\/2018\/06\/Logo-2-300x169.jpeg 300w, https:\/\/sindesvdf.com.br\/news\/wp-content\/uploads\/2018\/06\/Logo-2-768x432.jpeg 768w, https:\/\/sindesvdf.com.br\/news\/wp-content\/uploads\/2018\/06\/Logo-2-150x84.jpeg 150w, https:\/\/sindesvdf.com.br\/news\/wp-content\/uploads\/2018\/06\/Logo-2-250x141.jpeg 250w, https:\/\/sindesvdf.com.br\/news\/wp-content\/uploads\/2018\/06\/Logo-2.jpeg 1021w\" sizes=\"auto, (max-width: 790px) 100vw, 790px\" \/><\/p>\n<p>Os vigilantes e demais terceirizados que prestam servi\u00e7o no BRT do Gama est\u00e3o passando por situa\u00e7\u00e3o dif\u00edcil e constrangedora. Dos 12 banheiros existentes no local, apenas tr\u00eas funcionam. Dois femininos e um masculino, e esses banheiros n\u00e3o tem \u00e1gua nem para o trabalhador lavar as m\u00e3os ou dar descarga. O cheiro est\u00e1 insuport\u00e1vel e o problema \u00e9 um s\u00e9rio risco \u00e0 sa\u00fade dos trabalhadores e usu\u00e1rios, pois ali est\u00e1 faltando \u00e1gua h\u00e1 4 dias e mesmo que o problema seja grave, o DFTrans j\u00e1 deveria ter resolvido, dado o estado de emerg\u00eancia da situa\u00e7\u00e3o.<\/p>\n<p>S\u00f3 h\u00e1 um nome para isso, descaso e total falta de compromisso desse governo. O Sindicato dos Vigilantes, em pleno feriado de Corpus Christi, foi at\u00e9 o local conferir a situa\u00e7\u00e3o, atrav\u00e9s da nossa diretora Thiana, que saiu de l\u00e1 indignada, pois os trabalhadores sequer tem \u00e1gua pot\u00e1vel para beber tamb\u00e9m.<\/p>\n<p>O Sindicato vai tomar todas as provid\u00eancias cab\u00edveis junto \u00e0s autoridades competentes e j\u00e1 providenciou of\u00edcio\/den\u00fancia ao DFTRANS que ser\u00e1 entregue na segunda feira, pois neste 1\u00ba de junho o \u00f3rg\u00e3o est\u00e1 fechado por conta do ponto facultativo, cobrando imediata solu\u00e7\u00e3o para este grave problema.<\/p>\n<p>Um problema n\u00e3o \u00e9 isolado, e vem acontecendo em outros locais, como no caso do anexo do Buriti, que tr\u00eas vigilantes foram devolvidos porque pediram \u00e1gua para beber. A que ponto chegamos, hein, governador?<\/p>\n<hr \/>\n<p style=\"text-align: center;\"><span style=\"color: #ff0000;\"><strong>SindesvDF<\/strong> <\/span>&#8211; <em>Sempre Vigilante em Defesa da Categoria<\/em><\/p>\n<p class=\"wpf_wrapper\"><a class=\"print_link\" href=\"\" target=\"_blank\">Preparar para impress\u00e3o<\/a><\/p><!-- .wpf_wrapper -->","protected":false},"excerpt":{"rendered":"<p>Os vigilantes e demais terceirizados que prestam servi\u00e7o no BRT do Gama est\u00e3o passando por situa\u00e7\u00e3o dif\u00edcil e constrangedora. Dos&hellip; <\/p>\n","protected":false},"author":1,"featured_media":0,"comment_status":"closed","ping_status":"closed","sticky":false,"template":"","format":"standard","meta":{"footnotes":""},"categories":[7],"tags":[],"class_list":["post-11065","post","type-post","status-publish","format-standard","hentry","category-noticias"],"jetpack_featured_media_url":"","_links":{"self":[{"href":"https:\/\/sindesvdf.com.br\/news\/wp-json\/wp\/v2\/posts\/11065","targetHints":{"allow":["GET"]}}],"collection":[{"href":"https:\/\/sindesvdf.com.br\/news\/wp-json\/wp\/v2\/posts"}],"about":[{"href":"https:\/\/sindesvdf.com.br\/news\/wp-json\/wp\/v2\/types\/post"}],"author":[{"embeddable":true,"href":"https:\/\/sindesvdf.com.br\/news\/wp-json\/wp\/v2\/users\/1"}],"replies":[{"embeddable":true,"href":"https:\/\/sindesvdf.com.br\/news\/wp-json\/wp\/v2\/comments?post=11065"}],"version-history":[{"count":2,"href":"https:\/\/sindesvdf.com.br\/news\/wp-json\/wp\/v2\/posts\/11065\/revisions"}],"predecessor-version":[{"id":11068,"href":"https:\/\/sindesvdf.com.br\/news\/wp-json\/wp\/v2\/posts\/11065\/revisions\/11068"}],"wp:attachment":[{"href":"https:\/\/sindesvdf.com.br\/news\/wp-json\/wp\/v2\/media?parent=11065"}],"wp:term":[{"taxonomy":"category","embeddable":true,"href":"https:\/\/sindesvdf.com.br\/news\/wp-json\/wp\/v2\/categories?post=11065"},{"taxonomy":"post_tag","embeddable":true,"href":"https:\/\/sindesvdf.com.br\/news\/wp-json\/wp\/v2\/tags?post=11065"}],"curies":[{"name":"wp","href":"https:\/\/api.w.org\/{rel}","templated":true}]}}