{"id":11120,"date":"2018-06-13T10:39:28","date_gmt":"2018-06-13T13:39:28","guid":{"rendered":"http:\/\/sindesvdf.com.br\/news\/?p=11120"},"modified":"2018-06-13T11:05:56","modified_gmt":"2018-06-13T14:05:56","slug":"nota-de-pesar-uma-vida-levada-pela-depressao","status":"publish","type":"post","link":"https:\/\/sindesvdf.com.br\/news\/nota-de-pesar-uma-vida-levada-pela-depressao\/","title":{"rendered":"Nota de Pesar"},"content":{"rendered":"<p style=\"text-align: justify;\"><span style=\"font-size: 18px;\"><img loading=\"lazy\" decoding=\"async\" class=\"aligncenter size-large wp-image-11122\" src=\"http:\/\/sindesvdf.com.br\/news\/wp-content\/uploads\/2018\/06\/13-06-18-01-790x451.png\" alt=\"\" width=\"790\" height=\"451\" srcset=\"https:\/\/sindesvdf.com.br\/news\/wp-content\/uploads\/2018\/06\/13-06-18-01-790x451.png 790w, https:\/\/sindesvdf.com.br\/news\/wp-content\/uploads\/2018\/06\/13-06-18-01-300x171.png 300w, https:\/\/sindesvdf.com.br\/news\/wp-content\/uploads\/2018\/06\/13-06-18-01-768x439.png 768w, https:\/\/sindesvdf.com.br\/news\/wp-content\/uploads\/2018\/06\/13-06-18-01-150x86.png 150w, https:\/\/sindesvdf.com.br\/news\/wp-content\/uploads\/2018\/06\/13-06-18-01-250x143.png 250w\" sizes=\"auto, (max-width: 790px) 100vw, 790px\" \/><\/span><\/p>\n<p style=\"text-align: justify;\"><span style=\"font-size: 18px;\">\u00c9 com tristeza e pesar que comunicamos o falecimento de um vigilante que tirou a pr\u00f3pria vida. Problemas que desconhecemos o levaram a esse ato extremo, sem que, antes, tivesse buscado ajuda a tempo no Sindicato, para cuidar do que parece ter sido uma crise de depress\u00e3o.<\/span><\/p>\n<p><span style=\"font-size: 18px;\">Al\u00e9m dos profissionais que encontramos na rede credenciada do nosso plano de sa\u00fade, temos uma psic\u00f3loga no Sindicato que atende, diariamente, pela manh\u00e3. Assim, orientamos a todos e todas que, ao menor sinal de depress\u00e3o, procurem ajuda, imediatamente. Sabemos que a depress\u00e3o atinge a todos e todas, e deve ser tratada logo no in\u00edcio, a fim de evitar a\u00e7\u00f5es extremas, como o suic\u00eddio.<\/span><\/p>\n<p><span style=\"font-size: 18px;\">Orientamos fiscais e gerentes operacionais, que fazem o primeiro contato com vigilantes, para que os recebam bem, observem se n\u00e3o est\u00e3o com problemas e, caso necess\u00e1rio, os encaminhem para o Sindicato, como j\u00e1 \u00e9 de praxe em muitas empresas.<\/span><\/p>\n<p><span style=\"font-size: 18px;\">A diretoria do sindicato se solidariza com a fam\u00edlia do vigilante e se coloca \u00e0 disposi\u00e7\u00e3o para quaisquer provid\u00eancias a serem tomadas, daqui em diante, com rela\u00e7\u00e3o a essa triste ocorr\u00eancia que atinge, no fim das contas, a todos n\u00f3s.<\/span><\/p>\n<p style=\"text-align: right;\"><em><span style=\"color: #ff0000;\">A DIRETORIA<\/span><\/em><\/p>\n<hr \/>\n<p style=\"text-align: center;\"><span style=\"color: #ff0000;\"><strong>SindesvDF<\/strong> <\/span>&#8211; <em>Sempre Vigilante em Defesa da Categoria<\/em><\/p>\n<p class=\"wpf_wrapper\"><a class=\"print_link\" href=\"\" target=\"_blank\">Preparar para impress\u00e3o<\/a><\/p><!-- .wpf_wrapper -->","protected":false},"excerpt":{"rendered":"<p>\u00c9 com tristeza e pesar que comunicamos o falecimento de um vigilante que tirou a pr\u00f3pria vida. Problemas que desconhecemos&hellip; <\/p>\n","protected":false},"author":1,"featured_media":0,"comment_status":"closed","ping_status":"closed","sticky":false,"template":"","format":"standard","meta":{"footnotes":""},"categories":[7],"tags":[],"class_list":["post-11120","post","type-post","status-publish","format-standard","hentry","category-noticias"],"jetpack_featured_media_url":"","_links":{"self":[{"href":"https:\/\/sindesvdf.com.br\/news\/wp-json\/wp\/v2\/posts\/11120","targetHints":{"allow":["GET"]}}],"collection":[{"href":"https:\/\/sindesvdf.com.br\/news\/wp-json\/wp\/v2\/posts"}],"about":[{"href":"https:\/\/sindesvdf.com.br\/news\/wp-json\/wp\/v2\/types\/post"}],"author":[{"embeddable":true,"href":"https:\/\/sindesvdf.com.br\/news\/wp-json\/wp\/v2\/users\/1"}],"replies":[{"embeddable":true,"href":"https:\/\/sindesvdf.com.br\/news\/wp-json\/wp\/v2\/comments?post=11120"}],"version-history":[{"count":5,"href":"https:\/\/sindesvdf.com.br\/news\/wp-json\/wp\/v2\/posts\/11120\/revisions"}],"predecessor-version":[{"id":11126,"href":"https:\/\/sindesvdf.com.br\/news\/wp-json\/wp\/v2\/posts\/11120\/revisions\/11126"}],"wp:attachment":[{"href":"https:\/\/sindesvdf.com.br\/news\/wp-json\/wp\/v2\/media?parent=11120"}],"wp:term":[{"taxonomy":"category","embeddable":true,"href":"https:\/\/sindesvdf.com.br\/news\/wp-json\/wp\/v2\/categories?post=11120"},{"taxonomy":"post_tag","embeddable":true,"href":"https:\/\/sindesvdf.com.br\/news\/wp-json\/wp\/v2\/tags?post=11120"}],"curies":[{"name":"wp","href":"https:\/\/api.w.org\/{rel}","templated":true}]}}