{"id":11315,"date":"2018-07-10T09:31:39","date_gmt":"2018-07-10T12:31:39","guid":{"rendered":"http:\/\/sindesvdf.com.br\/news\/?p=11315"},"modified":"2018-07-10T09:37:06","modified_gmt":"2018-07-10T12:37:06","slug":"pm-que-deu-tapa-na-cara-de-paciente-em-hospital-e-afastado","status":"publish","type":"post","link":"https:\/\/sindesvdf.com.br\/news\/pm-que-deu-tapa-na-cara-de-paciente-em-hospital-e-afastado\/","title":{"rendered":"PM que deu tapa na cara de paciente em hospital \u00e9 afastado"},"content":{"rendered":"<figure id=\"attachment_11317\" aria-describedby=\"caption-attachment-11317\" style=\"width: 700px\" class=\"wp-caption aligncenter\"><img loading=\"lazy\" decoding=\"async\" class=\"wp-image-11317 size-full\" src=\"http:\/\/sindesvdf.com.br\/news\/wp-content\/uploads\/2018\/07\/10-07-18.png\" alt=\"\" width=\"700\" height=\"400\" srcset=\"https:\/\/sindesvdf.com.br\/news\/wp-content\/uploads\/2018\/07\/10-07-18.png 700w, https:\/\/sindesvdf.com.br\/news\/wp-content\/uploads\/2018\/07\/10-07-18-300x171.png 300w, https:\/\/sindesvdf.com.br\/news\/wp-content\/uploads\/2018\/07\/10-07-18-150x86.png 150w, https:\/\/sindesvdf.com.br\/news\/wp-content\/uploads\/2018\/07\/10-07-18-250x143.png 250w\" sizes=\"auto, (max-width: 700px) 100vw, 700px\" \/><figcaption id=\"caption-attachment-11317\" class=\"wp-caption-text\">Segundo a PM, o soldado, que n\u00e3o teve o nome revelado, foi tirado do Instituto Hospital de Base e ficar\u00e1 em \u00e1rea administrativa<\/figcaption><\/figure>\n<p style=\"text-align: justify;\"><span style=\"font-size: 18px;\">O soldado da Pol\u00edcia Militar\u00a0flagrado agredindo\u00a0um paciente no Instituto Hospital de Base (IHB) foi afastado das ruas. O PM \u00e9 lotado na maior unidade de sa\u00fade do DF e ficar\u00e1 na \u00e1rea administrativa, segundo a corpora\u00e7\u00e3o. O nome dele, por\u00e9m, n\u00e3o foi revelado.<\/span><\/p>\n<p style=\"text-align: justify;\"><span style=\"font-size: 18px;\">Um v\u00eddeo, feito na sa\u00edda da emerg\u00eancia do IHB, na madrugada de s\u00e1bado (7\/7), mostra a a\u00e7\u00e3o. O caso est\u00e1 sendo apurado pela Corregedoria-Geral da PM.<\/span><\/p>\n<div style=\"width: 640px;\" class=\"wp-video\"><video class=\"wp-video-shortcode\" id=\"video-11315-1\" width=\"640\" height=\"352\" preload=\"metadata\" controls=\"controls\"><source type=\"video\/mp4\" src=\"http:\/\/sindesvdf.com.br\/news\/wp-content\/uploads\/2018\/07\/10-07-18.mp4?_=1\" \/><a href=\"http:\/\/sindesvdf.com.br\/news\/wp-content\/uploads\/2018\/07\/10-07-18.mp4\">http:\/\/sindesvdf.com.br\/news\/wp-content\/uploads\/2018\/07\/10-07-18.mp4<\/a><\/video><\/div>\n<p>&nbsp;<\/p>\n<p style=\"text-align: justify;\"><span style=\"font-size: 18px;\">O soldado da Pol\u00edcia Militar\u00a0flagrado agredindo\u00a0um paciente no Instituto Hospital de Base (IHB) foi afastado das ruas. O PM \u00e9 lotado na maior unidade de sa\u00fade do DF e ficar\u00e1 na \u00e1rea administrativa, segundo a corpora\u00e7\u00e3o. O nome dele, por\u00e9m, n\u00e3o foi revelado.<\/span><\/p>\n<p style=\"text-align: justify;\"><span style=\"font-size: 18px;\">A imagem mostra alguns bombeiros conversando com o paciente,o desempregado Aldinei Jos\u00e9 Ferreira da Silva, 41 anos, morador de S\u00e3o Sebasti\u00e3o, que estava com um dos bra\u00e7os imobilizado.<\/span><\/p>\n<p style=\"text-align: justify;\"><span style=\"font-size: 18px;\">Em seguida, o militar, fardado e armado, se coloca \u00e0 frente da v\u00edtima. Segundos depois, o policial d\u00e1 um tapa na cara do homem. A v\u00edtima diz que levou pelo menos tr\u00eas bofet\u00f5es.<\/span><\/p>\n<p style=\"text-align: right;\"><span style=\"color: #ff0000;\"><em>Fonte: Metr\u00f3poles<\/em><\/span><\/p>\n<hr \/>\n<p style=\"text-align: center;\"><span style=\"color: #ff0000;\"><strong>SindesvDF<\/strong> <\/span>&#8211; <em>Sempre Vigilante em Defesa da Categoria<\/em><\/p>\n<p class=\"wpf_wrapper\"><a class=\"print_link\" href=\"\" target=\"_blank\">Preparar para impress\u00e3o<\/a><\/p><!-- .wpf_wrapper -->","protected":false},"excerpt":{"rendered":"<p>O soldado da Pol\u00edcia Militar\u00a0flagrado agredindo\u00a0um paciente no Instituto Hospital de Base (IHB) foi afastado das ruas. O PM \u00e9&hellip; <\/p>\n","protected":false},"author":1,"featured_media":0,"comment_status":"closed","ping_status":"closed","sticky":false,"template":"","format":"standard","meta":{"footnotes":""},"categories":[7],"tags":[],"class_list":["post-11315","post","type-post","status-publish","format-standard","hentry","category-noticias"],"jetpack_featured_media_url":"","_links":{"self":[{"href":"https:\/\/sindesvdf.com.br\/news\/wp-json\/wp\/v2\/posts\/11315","targetHints":{"allow":["GET"]}}],"collection":[{"href":"https:\/\/sindesvdf.com.br\/news\/wp-json\/wp\/v2\/posts"}],"about":[{"href":"https:\/\/sindesvdf.com.br\/news\/wp-json\/wp\/v2\/types\/post"}],"author":[{"embeddable":true,"href":"https:\/\/sindesvdf.com.br\/news\/wp-json\/wp\/v2\/users\/1"}],"replies":[{"embeddable":true,"href":"https:\/\/sindesvdf.com.br\/news\/wp-json\/wp\/v2\/comments?post=11315"}],"version-history":[{"count":6,"href":"https:\/\/sindesvdf.com.br\/news\/wp-json\/wp\/v2\/posts\/11315\/revisions"}],"predecessor-version":[{"id":11323,"href":"https:\/\/sindesvdf.com.br\/news\/wp-json\/wp\/v2\/posts\/11315\/revisions\/11323"}],"wp:attachment":[{"href":"https:\/\/sindesvdf.com.br\/news\/wp-json\/wp\/v2\/media?parent=11315"}],"wp:term":[{"taxonomy":"category","embeddable":true,"href":"https:\/\/sindesvdf.com.br\/news\/wp-json\/wp\/v2\/categories?post=11315"},{"taxonomy":"post_tag","embeddable":true,"href":"https:\/\/sindesvdf.com.br\/news\/wp-json\/wp\/v2\/tags?post=11315"}],"curies":[{"name":"wp","href":"https:\/\/api.w.org\/{rel}","templated":true}]}}