{"id":11354,"date":"2018-07-17T14:14:13","date_gmt":"2018-07-17T17:14:13","guid":{"rendered":"http:\/\/sindesvdf.com.br\/news\/?p=11354"},"modified":"2018-07-17T14:20:25","modified_gmt":"2018-07-17T17:20:25","slug":"suspeito-de-invadir-ministerio-do-trabalho-e-levado-para-a-pf","status":"publish","type":"post","link":"https:\/\/sindesvdf.com.br\/news\/suspeito-de-invadir-ministerio-do-trabalho-e-levado-para-a-pf\/","title":{"rendered":"Suspeito de invadir Minist\u00e9rio do Trabalho \u00e9 reconhecido por Vigilante"},"content":{"rendered":"<figure id=\"attachment_11356\" aria-describedby=\"caption-attachment-11356\" style=\"width: 700px\" class=\"wp-caption aligncenter\"><img loading=\"lazy\" decoding=\"async\" class=\"wp-image-11356 size-full\" src=\"http:\/\/sindesvdf.com.br\/news\/wp-content\/uploads\/2018\/07\/17-07-18.png\" alt=\"\" width=\"700\" height=\"400\" srcset=\"https:\/\/sindesvdf.com.br\/news\/wp-content\/uploads\/2018\/07\/17-07-18.png 700w, https:\/\/sindesvdf.com.br\/news\/wp-content\/uploads\/2018\/07\/17-07-18-300x171.png 300w, https:\/\/sindesvdf.com.br\/news\/wp-content\/uploads\/2018\/07\/17-07-18-150x86.png 150w, https:\/\/sindesvdf.com.br\/news\/wp-content\/uploads\/2018\/07\/17-07-18-250x143.png 250w\" sizes=\"auto, (max-width: 700px) 100vw, 700px\" \/><figcaption id=\"caption-attachment-11356\" class=\"wp-caption-text\">Vigilante conta que reconheceu o suposto invasor no estacionamento perto da Catedral nesta ter\u00e7a (17\/7) e chamou a pol\u00edcia<\/figcaption><\/figure>\n<p style=\"text-align: justify;\"><span style=\"font-size: 18px;\">Um suspeito de\u00a0invadir o Minist\u00e9rio do Trabalho, na Esplanada dos Minist\u00e9rios, e revirar documentos foi levado para a Superintend\u00eancia da Pol\u00edcia Federal na manh\u00e3 desta ter\u00e7a-feira (17\/7). Trata-se de um morador de rua. O homem estava no estacionamento entre a Catedral de Bras\u00edlia e o Minist\u00e9rio do Esporte.<\/span><\/p>\n<p style=\"text-align: justify;\"><span style=\"font-size: 18px;\">O\u00a0vigilante Santiago Nascimento Matos disse ao\u00a0Metr\u00f3poles\u00a0que teve acesso \u00e0s imagens do circuito interno\u00a0do \u00f3rg\u00e3o e reconheceu o suspeito na manh\u00e3 desta ter\u00e7a (17) no estacionamento. A pol\u00edcia foi chamada e levou o homem para averigua\u00e7\u00e3o.\u00a0A PF n\u00e3o confirma se o morador de rua \u00e9 considerado suspeito. Apenas que ele est\u00e1 na superintend\u00eancia.<\/span><\/p>\n<p style=\"text-align: justify;\"><span style=\"font-size: 18px;\">A\u00a0Pol\u00edcia Federal abriu inqu\u00e9rito para apurar o caso. Nessa segunda-feira (16), por volta das 8h, servidores encontraram salas reviradas e muito papel espalhado. O alvo do (s) invasor\u00a0(es) foi o primeiro andar, conhecido como sobreloja, onde funciona o\u00a0setor de seguro-desemprego e emiss\u00e3o de Carteiras de Trabalho.<\/span><\/p>\n<p style=\"text-align: justify;\"><span style=\"font-size: 18px;\">De acordo com a assessoria do \u00f3rg\u00e3o, n\u00e3o\u00a0havia sinal de arrombamento nas portas do pr\u00e9dio. Todos os funcion\u00e1rios que trabalham nas secretarias do andar foram dispensados. A PF fez a per\u00edcia e passou mais de tr\u00eas horas no edif\u00edcio. As principais sa\u00eddas do \u00f3rg\u00e3o tiveram de ser isoladas.<\/span><\/p>\n<p style=\"text-align: justify;\"><span style=\"font-size: 18px;\">Do lado de fora, um dos peritos federais realizou um procedimento em busca de digitais. Imagens do circuito interno de seguran\u00e7a mostraram\u00a0um homem andando pelo corredor do minist\u00e9rio \u00e0s 23h49 de domingo (15).<\/span><\/p>\n<p style=\"text-align: justify;\"><span style=\"font-size: 18px;\"><strong>Registro Esp\u00fario<\/strong><\/span><br \/>\n<span style=\"font-size: 18px;\">O minist\u00e9rio \u00e9 alvo da Registro Esp\u00fario, deflagrada no fim de maio. Por este motivo, os policiais federais v\u00e3o verificar se as salas invadidas t\u00eam documentos relacionados com a dilig\u00eancia. A\u00a0opera\u00e7\u00e3o obrigou a pasta a fazer um pente-fino nos processos de registro de sindicatos.<\/span><\/p>\n<p style=\"text-align: justify;\"><span style=\"font-size: 18px;\">O Minist\u00e9rio P\u00fablico do Trabalho (MPT), al\u00e9m da PF e do Minist\u00e9rio P\u00fablico Federal (MPF), tamb\u00e9m investiga as fraudes. A medida \u00e9 uma rea\u00e7\u00e3o \u00e0 nova fase da for\u00e7a-tarefa, que provocou a queda do ministro Helton Yomura no dia 5 de julho.\u00a0O envolvimento de pol\u00edticos e servidores no esquema est\u00e1 sob apura\u00e7\u00e3o.<\/span><\/p>\n<p style=\"text-align: justify;\"><span style=\"font-size: 18px;\">Al\u00e9m de Yomura, s\u00e3o alvo da opera\u00e7\u00e3o, em diferentes fases, o ex-deputado e presidente nacional do PTB, Roberto Jefferson, piv\u00f4 do esc\u00e2ndalo do mensal\u00e3o do PT, e os deputados Jovair Arantes (PTB), Paulinho da For\u00e7a (Solidariedade), Wilson Filho (PTB) e Nelson Marquezelli (PTB). A deputada Cristiane Brasil (PTB-RJ), filha de Jefferson, tamb\u00e9m \u00e9 investigada na a\u00e7\u00e3o da PF.<\/span><\/p>\n<p style=\"text-align: right;\"><span style=\"color: #ff0000;\"><em>Fonte: Metr\u00f3poles<\/em><\/span><\/p>\n<p>&nbsp;<\/p>\n<hr \/>\n<p style=\"text-align: center;\"><span style=\"color: #ff0000;\"><strong>SindesvDF<\/strong> <\/span>&#8211; <em>Sempre Vigilante em Defesa da Categoria<\/em><\/p>\n<p class=\"wpf_wrapper\"><a class=\"print_link\" href=\"\" target=\"_blank\">Preparar para impress\u00e3o<\/a><\/p><!-- .wpf_wrapper -->","protected":false},"excerpt":{"rendered":"<p>Um suspeito de\u00a0invadir o Minist\u00e9rio do Trabalho, na Esplanada dos Minist\u00e9rios, e revirar documentos foi levado para a Superintend\u00eancia da&hellip; <\/p>\n","protected":false},"author":1,"featured_media":0,"comment_status":"closed","ping_status":"closed","sticky":false,"template":"","format":"standard","meta":{"footnotes":""},"categories":[7],"tags":[],"class_list":["post-11354","post","type-post","status-publish","format-standard","hentry","category-noticias"],"jetpack_featured_media_url":"","_links":{"self":[{"href":"https:\/\/sindesvdf.com.br\/news\/wp-json\/wp\/v2\/posts\/11354","targetHints":{"allow":["GET"]}}],"collection":[{"href":"https:\/\/sindesvdf.com.br\/news\/wp-json\/wp\/v2\/posts"}],"about":[{"href":"https:\/\/sindesvdf.com.br\/news\/wp-json\/wp\/v2\/types\/post"}],"author":[{"embeddable":true,"href":"https:\/\/sindesvdf.com.br\/news\/wp-json\/wp\/v2\/users\/1"}],"replies":[{"embeddable":true,"href":"https:\/\/sindesvdf.com.br\/news\/wp-json\/wp\/v2\/comments?post=11354"}],"version-history":[{"count":4,"href":"https:\/\/sindesvdf.com.br\/news\/wp-json\/wp\/v2\/posts\/11354\/revisions"}],"predecessor-version":[{"id":11359,"href":"https:\/\/sindesvdf.com.br\/news\/wp-json\/wp\/v2\/posts\/11354\/revisions\/11359"}],"wp:attachment":[{"href":"https:\/\/sindesvdf.com.br\/news\/wp-json\/wp\/v2\/media?parent=11354"}],"wp:term":[{"taxonomy":"category","embeddable":true,"href":"https:\/\/sindesvdf.com.br\/news\/wp-json\/wp\/v2\/categories?post=11354"},{"taxonomy":"post_tag","embeddable":true,"href":"https:\/\/sindesvdf.com.br\/news\/wp-json\/wp\/v2\/tags?post=11354"}],"curies":[{"name":"wp","href":"https:\/\/api.w.org\/{rel}","templated":true}]}}