{"id":11454,"date":"2018-08-07T12:16:39","date_gmt":"2018-08-07T15:16:39","guid":{"rendered":"http:\/\/sindesvdf.com.br\/news\/?p=11454"},"modified":"2018-08-07T12:16:39","modified_gmt":"2018-08-07T15:16:39","slug":"sindicato-assina-act-com-a-visan-cnj","status":"publish","type":"post","link":"https:\/\/sindesvdf.com.br\/news\/sindicato-assina-act-com-a-visan-cnj\/","title":{"rendered":"Sindicato assina ACT com a Visan\/CNJ"},"content":{"rendered":"<p><img loading=\"lazy\" decoding=\"async\" class=\"aligncenter wp-image-11456 size-large\" src=\"http:\/\/sindesvdf.com.br\/news\/wp-content\/uploads\/2018\/08\/SINDESV_03-08-2018_-_ACT_\u00e9_assinado_no_CNJ-790x413.png\" alt=\"\" width=\"790\" height=\"413\" srcset=\"https:\/\/sindesvdf.com.br\/news\/wp-content\/uploads\/2018\/08\/SINDESV_03-08-2018_-_ACT_\u00e9_assinado_no_CNJ-790x413.png 790w, https:\/\/sindesvdf.com.br\/news\/wp-content\/uploads\/2018\/08\/SINDESV_03-08-2018_-_ACT_\u00e9_assinado_no_CNJ-300x157.png 300w, https:\/\/sindesvdf.com.br\/news\/wp-content\/uploads\/2018\/08\/SINDESV_03-08-2018_-_ACT_\u00e9_assinado_no_CNJ-768x401.png 768w, https:\/\/sindesvdf.com.br\/news\/wp-content\/uploads\/2018\/08\/SINDESV_03-08-2018_-_ACT_\u00e9_assinado_no_CNJ-150x78.png 150w, https:\/\/sindesvdf.com.br\/news\/wp-content\/uploads\/2018\/08\/SINDESV_03-08-2018_-_ACT_\u00e9_assinado_no_CNJ-250x131.png 250w, https:\/\/sindesvdf.com.br\/news\/wp-content\/uploads\/2018\/08\/SINDESV_03-08-2018_-_ACT_\u00e9_assinado_no_CNJ.png 1200w\" sizes=\"auto, (max-width: 790px) 100vw, 790px\" \/><\/p>\n<p class=\"m-1213647382375019932ydp6533e8bcmsonormal\" style=\"background: white; text-align: justify;\"><span style=\"font-size: 18px; font-family: Helvetica, sans-serif; color: #222222;\">Empresas que se preocupam com o social e respeitam seus empregados pelos relevantes servi\u00e7os prestados \u00e0 sociedade est\u00e3o assinando acordos coletivos individuais, garantindo assim o pagamento do t\u00edquete alimenta\u00e7\u00e3o de seus empregados, entre outros benef\u00edcios. Nesse sentido, j\u00e1 assinamos com a GSI, ZEPIM e Esparta e agora, assinamos com a Visan.<\/span><\/p>\n<p class=\"m-1213647382375019932ydp6533e8bcmsonormal\" style=\"background: white; font-variant-ligatures: normal; font-variant-caps: normal; orphans: 2; text-align: justify; widows: 2; -webkit-text-stroke-width: 0px; text-decoration-style: initial; text-decoration-color: initial; word-spacing: 0px;\"><span style=\"font-size: 18px; font-family: Helvetica, sans-serif; color: #222222;\">O ACT assinado com a Visan\/CNJ foi registrado no Minist\u00e9rio do Trabalho e Emprego-MTe no dia 07\/08\/2018 sob o n\u00famero DF000377\/2018.<\/span><\/p>\n<p class=\"m-1213647382375019932ydp6533e8bcmsonormal\" style=\"background: white; font-variant-ligatures: normal; font-variant-caps: normal; orphans: 2; text-align: justify; widows: 2; -webkit-text-stroke-width: 0px; text-decoration-style: initial; text-decoration-color: initial; word-spacing: 0px;\"><span style=\"font-size: 18px; font-family: Helvetica, sans-serif; color: #222222;\">Todos esses acordos assinados t\u00eam validade at\u00e9 que se finalize o julgamento do nosso Diss\u00eddio Coletivo, e temos contado com o apoio do deputado Chico Vigilante que vem nos ajudando a abrir canais de negocia\u00e7\u00e3o junto aos \u00f3rg\u00e3os tomadores de servi\u00e7o.<\/span><\/p>\n<p class=\"m-1213647382375019932ydp6533e8bcmsonormal\" style=\"background: white; font-variant-ligatures: normal; font-variant-caps: normal; orphans: 2; text-align: justify; widows: 2; -webkit-text-stroke-width: 0px; text-decoration-style: initial; text-decoration-color: initial; word-spacing: 0px;\"><span style=\"font-size: 18px; font-family: Helvetica, sans-serif; color: #222222;\">Na contram\u00e3o do compromisso de alguns empres\u00e1rios, est\u00e3o a Brasfort e a Multserv que n\u00e3o pagam o t\u00edquete alimenta\u00e7\u00e3o e outros benef\u00edcios a uma parte de seus empregados desde janeiro\/2018, obrigando-os a passarem por situa\u00e7\u00f5es muito dif\u00edceis no sustento de suas fam\u00edlias.<br \/>\n\u00c9 desumanidade que fala, n\u00e9?<\/span><\/p>\n<p class=\"m-1213647382375019932ydp6533e8bcmsonormal\" style=\"background: white; font-variant-ligatures: normal; font-variant-caps: normal; orphans: 2; text-align: justify; widows: 2; -webkit-text-stroke-width: 0px; text-decoration-style: initial; text-decoration-color: initial; word-spacing: 0px;\"><span style=\"font-size: 18px; font-family: Helvetica, sans-serif; color: #222222;\">O Sindicato e o deputado Chico Vigilante j\u00e1 estiveram reunidos com o antigo e o atual presidente do TJ \u2013 Tribunal de Justi\u00e7a, al\u00e9m de duas reuni\u00f5es com o corregedor do \u00f3rg\u00e3o, que convocou a empresa Multserv para assinar o Acordo Coletivo de Trabalho e a dire\u00e7\u00e3o da mesma se recusou, mesmo n\u00e3o tendo qualquer preju\u00edzo, preferiu massacrar seus empregados, que est\u00e3o desde o in\u00edcio do ano sem o seu t\u00edquete alimenta\u00e7\u00e3o, que faz muita falta no or\u00e7amento do trabalhador.<\/span><\/p>\n<p class=\"m-1213647382375019932ydp6533e8bcmsonormal\" style=\"background: white; font-variant-ligatures: normal; font-variant-caps: normal; orphans: 2; text-align: justify; widows: 2; -webkit-text-stroke-width: 0px; text-decoration-style: initial; text-decoration-color: initial; word-spacing: 0px;\"><span style=\"font-size: 18px; font-family: Helvetica, sans-serif; color: #222222;\">O Sindicato continua buscando a negocia\u00e7\u00e3o com outras empresas e lamenta que algumas optaram por ignorar o sofrimento de seus empregados.<\/span><\/p>\n<p style=\"text-align: justify;\">\n<hr \/>\n<p style=\"text-align: center;\"><span style=\"color: #ff0000;\"><strong>SindesvDF<\/strong> <\/span>&#8211; <em>Sempre Vigilante em Defesa da Categoria<\/em><\/p>\n<p class=\"wpf_wrapper\"><a class=\"print_link\" href=\"\" target=\"_blank\">Preparar para impress\u00e3o<\/a><\/p><!-- .wpf_wrapper -->","protected":false},"excerpt":{"rendered":"<p>Empresas que se preocupam com o social e respeitam seus empregados pelos relevantes servi\u00e7os prestados \u00e0 sociedade est\u00e3o assinando acordos&hellip; <\/p>\n","protected":false},"author":1,"featured_media":0,"comment_status":"closed","ping_status":"closed","sticky":false,"template":"","format":"standard","meta":{"footnotes":""},"categories":[7],"tags":[],"class_list":["post-11454","post","type-post","status-publish","format-standard","hentry","category-noticias"],"jetpack_featured_media_url":"","_links":{"self":[{"href":"https:\/\/sindesvdf.com.br\/news\/wp-json\/wp\/v2\/posts\/11454","targetHints":{"allow":["GET"]}}],"collection":[{"href":"https:\/\/sindesvdf.com.br\/news\/wp-json\/wp\/v2\/posts"}],"about":[{"href":"https:\/\/sindesvdf.com.br\/news\/wp-json\/wp\/v2\/types\/post"}],"author":[{"embeddable":true,"href":"https:\/\/sindesvdf.com.br\/news\/wp-json\/wp\/v2\/users\/1"}],"replies":[{"embeddable":true,"href":"https:\/\/sindesvdf.com.br\/news\/wp-json\/wp\/v2\/comments?post=11454"}],"version-history":[{"count":2,"href":"https:\/\/sindesvdf.com.br\/news\/wp-json\/wp\/v2\/posts\/11454\/revisions"}],"predecessor-version":[{"id":11457,"href":"https:\/\/sindesvdf.com.br\/news\/wp-json\/wp\/v2\/posts\/11454\/revisions\/11457"}],"wp:attachment":[{"href":"https:\/\/sindesvdf.com.br\/news\/wp-json\/wp\/v2\/media?parent=11454"}],"wp:term":[{"taxonomy":"category","embeddable":true,"href":"https:\/\/sindesvdf.com.br\/news\/wp-json\/wp\/v2\/categories?post=11454"},{"taxonomy":"post_tag","embeddable":true,"href":"https:\/\/sindesvdf.com.br\/news\/wp-json\/wp\/v2\/tags?post=11454"}],"curies":[{"name":"wp","href":"https:\/\/api.w.org\/{rel}","templated":true}]}}