{"id":11821,"date":"2018-10-18T11:35:20","date_gmt":"2018-10-18T14:35:20","guid":{"rendered":"http:\/\/sindesvdf.com.br\/news\/?p=11821"},"modified":"2018-10-18T11:35:20","modified_gmt":"2018-10-18T14:35:20","slug":"partido-de-bolsonaro-foi-o-que-mais-apoiou-temer-a-retirar-direitos-do-povo","status":"publish","type":"post","link":"https:\/\/sindesvdf.com.br\/news\/partido-de-bolsonaro-foi-o-que-mais-apoiou-temer-a-retirar-direitos-do-povo\/","title":{"rendered":"Partido de Bolsonaro foi o que mais apoiou Temer a retirar direitos do povo"},"content":{"rendered":"<p>&nbsp;<\/p>\n<figure id=\"attachment_11823\" aria-describedby=\"caption-attachment-11823\" style=\"width: 700px\" class=\"wp-caption aligncenter\"><a href=\"http:\/\/sindesvdf.com.br\/news\/wp-content\/uploads\/2018\/10\/temer.jpg\"><img loading=\"lazy\" decoding=\"async\" class=\"wp-image-11823 size-full\" src=\"http:\/\/sindesvdf.com.br\/news\/wp-content\/uploads\/2018\/10\/temer.jpg\" alt=\"\" width=\"700\" height=\"460\" srcset=\"https:\/\/sindesvdf.com.br\/news\/wp-content\/uploads\/2018\/10\/temer.jpg 700w, https:\/\/sindesvdf.com.br\/news\/wp-content\/uploads\/2018\/10\/temer-300x197.jpg 300w, https:\/\/sindesvdf.com.br\/news\/wp-content\/uploads\/2018\/10\/temer-150x99.jpg 150w, https:\/\/sindesvdf.com.br\/news\/wp-content\/uploads\/2018\/10\/temer-228x150.jpg 228w\" sizes=\"auto, (max-width: 700px) 100vw, 700px\" \/><\/a><figcaption id=\"caption-attachment-11823\" class=\"wp-caption-text\">Bolsonaro \u00e9 uma extens\u00e3o piorada do ileg\u00edtimo Temer. Ele e seus aliados do PSL ajudaram a aprovar a reforma Trabalhista, o congelamento dos gastos p\u00fablicos, a terceiriza\u00e7\u00e3o e a entrega do patrim\u00f4nio p\u00fablico<\/figcaption><\/figure>\n<p><span style=\"font-size: 18px;\">O candidato \u00e0 presid\u00eancia da Rep\u00fablica, Jair Bolsonaro, e seu partido, o PSL, foram os que mais apoiaram o governo ileg\u00edtimo e golpista de Michel Temer (MDB-SP), votando no Congresso Nacional a favor de todas as medidas que retiraram direitos da classe trabalhadora brasileira, em especial da popula\u00e7\u00e3o mais pobre do pa\u00eds.<\/span><\/p>\n<p><span style=\"font-size: 18px;\">Bolsonaro e seus aliados ajudaram a aprovar a reforma Trabalhista, que acabou com 100 itens da CLT e legalizou o bico e formas fraudulentas de contrato de trabalho; a terceiriza\u00e7\u00e3o irrestrita; a Emenda Constitucional 95 (PEC da Morte ou Teto dos Gastos), que congela os investimentos p\u00fablicos por 20 anos, em especial na sa\u00fade e educa\u00e7\u00e3o; e a entrega do patrim\u00f4nio p\u00fablico \u00e0s empresas estrangeiras, como \u00e9 o caso do Pr\u00e9-Sal.<\/span><\/p>\n<p><span style=\"font-size: 18px;\">Na vota\u00e7\u00e3o da PEC da Morte, que congelou os gastos p\u00fablicos, Bolsonaro, primeiro, fez um v\u00eddeo dizendo que votaria contra a medida proposta pelo ileg\u00edtimo Temer, denunciando, inclusive, o banquete para o qual os deputados tinham sido convidados em apoio \u00e0 vota\u00e7\u00e3o da emenda.\u00a0<\/span><\/p>\n<p><span style=\"font-size: 18px;\">Apenas cinco dias depois, Bolsonaro votou a favor da proposta e ainda teve o atrevimento de fazer um v\u00eddeo defendendo o teto de gastos.\u00a0<a href=\"https:\/\/g1.globo.com\/politica\/noticia\/jantar-em-que-temer-pediu-apoio-ao-teto-de-gastos-custou-r-35-mil-diz-planalto.ghtml\">O banquete de Temer custou R$ 35 mil aos cofres p\u00fablicos<\/a>.<\/span><\/p>\n<p><iframe loading=\"lazy\" src=\"https:\/\/www.youtube.com\/embed\/o1usB_fKFc4\" width=\"560\" height=\"315\" frameborder=\"0\" allowfullscreen=\"allowfullscreen\" data-mce-fragment=\"1\"><\/iframe><\/p>\n<p><span style=\"font-size: 18px;\">Das 107 vota\u00e7\u00f5es de interesse de Temer e seus aliados golpistas, os parlamentares do partido de Bolsonaro, incluindo ele pr\u00f3prio, votaram por Temer e suas pautas em quase 70% delas.<\/span><\/p>\n<p><span style=\"font-size: 18px;\">Bolsonaro e seu filho, Eduardo Bolsonaro, votaram a favor da reforma Trabalhista de Temer, que acabou com os direitos hist\u00f3ricos conquistados com a CLT, como o direito a f\u00e9rias de 30 dias, pausa de uma hora de almo\u00e7o, al\u00e9m de permitir que o acordado com o patr\u00e3o valha mais que a lei.<\/span><\/p>\n<p><span style=\"font-size: 18px;\">Bolsonaro, que se diz t\u00e3o patriota, e todos os deputados do seu partido votaram pela venda do petr\u00f3leo do Pr\u00e9-Sal, de propriedade da Uni\u00e3o e maior riqueza brasileira descoberta no \u00faltimo per\u00edodo. A aprova\u00e7\u00e3o da medida desobrigou a Petrobras a ser operadora \u00fanica do Pr\u00e9-Sal no regime de partilha de produ\u00e7\u00e3o. Al\u00e9m disso, eles ajudaram a derrubar destaques sobre a cess\u00e3o onerosa da Petrobras.<\/span><\/p>\n<p style=\"text-align: right;\"><em><span style=\"color: #ff0000;\">Fonte: CUT<\/span><\/em><\/p>\n<hr \/>\n<p style=\"text-align: center;\"><span style=\"color: #ff0000;\"><strong>SindesvDF<\/strong> <\/span>&#8211; <em>Sempre Vigilante em Defesa da Categoria<\/em><\/p>\n<p class=\"wpf_wrapper\"><a class=\"print_link\" href=\"\" target=\"_blank\">Preparar para impress\u00e3o<\/a><\/p><!-- .wpf_wrapper -->","protected":false},"excerpt":{"rendered":"<p>&nbsp; O candidato \u00e0 presid\u00eancia da Rep\u00fablica, Jair Bolsonaro, e seu partido, o PSL, foram os que mais apoiaram o&hellip; <\/p>\n","protected":false},"author":1,"featured_media":0,"comment_status":"closed","ping_status":"closed","sticky":false,"template":"","format":"standard","meta":{"footnotes":""},"categories":[7],"tags":[],"class_list":["post-11821","post","type-post","status-publish","format-standard","hentry","category-noticias"],"jetpack_featured_media_url":"","_links":{"self":[{"href":"https:\/\/sindesvdf.com.br\/news\/wp-json\/wp\/v2\/posts\/11821","targetHints":{"allow":["GET"]}}],"collection":[{"href":"https:\/\/sindesvdf.com.br\/news\/wp-json\/wp\/v2\/posts"}],"about":[{"href":"https:\/\/sindesvdf.com.br\/news\/wp-json\/wp\/v2\/types\/post"}],"author":[{"embeddable":true,"href":"https:\/\/sindesvdf.com.br\/news\/wp-json\/wp\/v2\/users\/1"}],"replies":[{"embeddable":true,"href":"https:\/\/sindesvdf.com.br\/news\/wp-json\/wp\/v2\/comments?post=11821"}],"version-history":[{"count":2,"href":"https:\/\/sindesvdf.com.br\/news\/wp-json\/wp\/v2\/posts\/11821\/revisions"}],"predecessor-version":[{"id":11824,"href":"https:\/\/sindesvdf.com.br\/news\/wp-json\/wp\/v2\/posts\/11821\/revisions\/11824"}],"wp:attachment":[{"href":"https:\/\/sindesvdf.com.br\/news\/wp-json\/wp\/v2\/media?parent=11821"}],"wp:term":[{"taxonomy":"category","embeddable":true,"href":"https:\/\/sindesvdf.com.br\/news\/wp-json\/wp\/v2\/categories?post=11821"},{"taxonomy":"post_tag","embeddable":true,"href":"https:\/\/sindesvdf.com.br\/news\/wp-json\/wp\/v2\/tags?post=11821"}],"curies":[{"name":"wp","href":"https:\/\/api.w.org\/{rel}","templated":true}]}}