{"id":11870,"date":"2018-11-05T11:39:32","date_gmt":"2018-11-05T13:39:32","guid":{"rendered":"http:\/\/sindesvdf.com.br\/news\/?p=11870"},"modified":"2018-11-05T11:41:59","modified_gmt":"2018-11-05T13:41:59","slug":"centrais-reforcam-resistencia-unitaria-e-farao-atos-em-defesa-da-previdencia","status":"publish","type":"post","link":"https:\/\/sindesvdf.com.br\/news\/centrais-reforcam-resistencia-unitaria-e-farao-atos-em-defesa-da-previdencia\/","title":{"rendered":"Centrais refor\u00e7am resist\u00eancia unit\u00e1ria e far\u00e3o atos em defesa da Previd\u00eancia"},"content":{"rendered":"<figure id=\"attachment_11872\" aria-describedby=\"caption-attachment-11872\" style=\"width: 700px\" class=\"wp-caption aligncenter\"><a href=\"http:\/\/sindesvdf.com.br\/news\/wp-content\/uploads\/2018\/11\/Sindical.png\"><img loading=\"lazy\" decoding=\"async\" class=\"wp-image-11872 size-full\" src=\"http:\/\/sindesvdf.com.br\/news\/wp-content\/uploads\/2018\/11\/Sindical.png\" alt=\"\" width=\"700\" height=\"400\" srcset=\"https:\/\/sindesvdf.com.br\/news\/wp-content\/uploads\/2018\/11\/Sindical.png 700w, https:\/\/sindesvdf.com.br\/news\/wp-content\/uploads\/2018\/11\/Sindical-300x171.png 300w, https:\/\/sindesvdf.com.br\/news\/wp-content\/uploads\/2018\/11\/Sindical-150x86.png 150w, https:\/\/sindesvdf.com.br\/news\/wp-content\/uploads\/2018\/11\/Sindical-250x143.png 250w\" sizes=\"auto, (max-width: 700px) 100vw, 700px\" \/><\/a><figcaption id=\"caption-attachment-11872\" class=\"wp-caption-text\">Dirigentes reunidos no Dieese definiram a\u00e7\u00f5es em defesa da aposentadoria p\u00fablica<\/figcaption><\/figure>\n<p><span style=\"font-size: 18px;\">Sete Centrais Sindicais aprovaram proposta de intensificar a luta em defesa da Seguridade Social e contra os ataques \u00e0 Previd\u00eancia, que voltaram \u00e0 pauta na conjuntura p\u00f3s-eleitoral. A decis\u00e3o foi adotada durante reuni\u00e3o quinta (1\u00ba), em S\u00e3o Paulo, no Dieese (Departamento Intersindical de Estat\u00edstica e Estudos Socioecon\u00f4micos).<\/span><\/p>\n<p><span style=\"font-size: 18px;\">A delibera\u00e7\u00e3o refor\u00e7a posicionamento unit\u00e1rio anterior, explicitado principalmente na Agenda Priorit\u00e1ria da Classe Trabalhadora, lan\u00e7ado em junho.<\/span><\/p>\n<p><span style=\"font-size: 18px;\">O encontro das Centrais, o primeiro ap\u00f3s as elei\u00e7\u00f5es, foi estimulado por recorrentes declara\u00e7\u00f5es de Jair Bolsonaro (PSL) e integrantes de sua equipe, no sentido de que o Congresso Nacional aprove ainda este ano o projeto reformista neoliberal apresentado por Michel Temer.<\/span><\/p>\n<p><span style=\"font-size: 18px;\">Participaram CUT, For\u00e7a Sindical, Nova Central, CTB, CSB, Intersindical e CSP-Conlutas. O encontro produziu documento sint\u00e9tico, com cinco pontos que orientam a resist\u00eancia. Dia 12, as Centrais realizar\u00e3o Semin\u00e1rio sobre Previd\u00eancia, a fim de indicar os pontos que o movimento considera importante defender ante eventual retomada da reforma.<\/span><\/p>\n<p><span style=\"font-size: 18px;\"><strong>Miguel &#8211;<\/strong>\u00a0A\u00a0<strong>Ag\u00eancia Sindical<\/strong>\u00a0cobriu a reuni\u00e3o. Miguel Torres, presidente da For\u00e7a Sindical, chamou aten\u00e7\u00e3o para a import\u00e2ncia da\u00a0uni\u00e3o das dire\u00e7\u00f5es e bases sindicais. \u201cS\u00f3 a unidade vai nos dar for\u00e7as pra fazer frente a esse e a outros ataques do novo governo, que est\u00e3o por vir\u201d, afirma.<\/span><\/p>\n<p><span style=\"font-size: 18px;\"><strong>CUT &#8211;<\/strong>\u00a0Na opini\u00e3o de\u00a0S\u00e9rgio Nobre, secret\u00e1rio-geral da Central \u00danica dos Trabalhadores, \u201cpra resistir \u00e9 preciso haver preparo\u201d. Para tanto, ele acredita que a plen\u00e1ria do dia 12, tamb\u00e9m no Dieese, definir\u00e1 os pontos b\u00e1sicos da luta e as formas de mobilizar as bases trabalhadoras.<\/span><\/p>\n<p><span style=\"font-size: 18px;\"><strong>CSB &#8211;<\/strong>\u00a0Na avalia\u00e7\u00e3o de Alvaro Egea, secret\u00e1rio-geral da Central dos Sindicatos Brasileiros, \u201ca defesa da aposentaria p\u00fablica \u00e9 bandeira hist\u00f3rica da classe trabalhadora\u201d. Ele critica o a\u00e7odamento sinalizado por Bolsonaro quanto \u00e0 vota\u00e7\u00e3o da reforma.<\/span><\/p>\n<p><span style=\"font-size: 18px;\"><strong>CTB &#8211;\u00a0<\/strong>\u201c\u00c9 hora de fortalecer a unidade sindical. Bolsonaro quer aprofundar a agenda golpista imposta pelo governo ileg\u00edtimo de Temer. Os dois compartilham objetivos semelhantes em rela\u00e7\u00e3o \u00e0 Previd\u00eancia e querem o fim do sistema p\u00fablico de aposentadorias\u201d, afirma o presidente da Central, Adilson Ara\u00fajo.<\/span><\/p>\n<p><span style=\"font-size: 18px;\"><strong>Mais &#8211;<\/strong>\u00a0A Ag\u00eancia publicar\u00e1 mais detalhes e falas ocorridas durante a reuni\u00e3o no Dieese. Acompanhe em nosso site e redes sociais. Clique\u00a0<strong><a href=\"http:\/\/agelink.agenciasindical.com.br\/cl\/PEVlj\/Ed3\/7cd5\/Eqo3qX3BJP6\/BJcn\/Gk5gdGUhkd0\/1\/\">aqui<\/a><\/strong>\u00a0e leia o documento.<\/span><\/p>\n<p>&nbsp;<\/p>\n<p style=\"text-align: right;\"><em><span style=\"color: #ff0000;\">Fonte: Ag\u00eancia Sindical<\/span><\/em><\/p>\n<hr \/>\n<p style=\"text-align: center;\"><span style=\"color: #ff0000;\"><strong>SindesvDF<\/strong> <\/span>&#8211; <em>Sempre Vigilante em Defesa da Categoria<\/em><\/p>\n<p class=\"wpf_wrapper\"><a class=\"print_link\" href=\"\" target=\"_blank\">Preparar para impress\u00e3o<\/a><\/p><!-- .wpf_wrapper -->","protected":false},"excerpt":{"rendered":"<p>Sete Centrais Sindicais aprovaram proposta de intensificar a luta em defesa da Seguridade Social e contra os ataques \u00e0 Previd\u00eancia,&hellip; <\/p>\n","protected":false},"author":1,"featured_media":0,"comment_status":"closed","ping_status":"closed","sticky":false,"template":"","format":"standard","meta":{"footnotes":""},"categories":[7],"tags":[],"class_list":["post-11870","post","type-post","status-publish","format-standard","hentry","category-noticias"],"jetpack_featured_media_url":"","_links":{"self":[{"href":"https:\/\/sindesvdf.com.br\/news\/wp-json\/wp\/v2\/posts\/11870","targetHints":{"allow":["GET"]}}],"collection":[{"href":"https:\/\/sindesvdf.com.br\/news\/wp-json\/wp\/v2\/posts"}],"about":[{"href":"https:\/\/sindesvdf.com.br\/news\/wp-json\/wp\/v2\/types\/post"}],"author":[{"embeddable":true,"href":"https:\/\/sindesvdf.com.br\/news\/wp-json\/wp\/v2\/users\/1"}],"replies":[{"embeddable":true,"href":"https:\/\/sindesvdf.com.br\/news\/wp-json\/wp\/v2\/comments?post=11870"}],"version-history":[{"count":5,"href":"https:\/\/sindesvdf.com.br\/news\/wp-json\/wp\/v2\/posts\/11870\/revisions"}],"predecessor-version":[{"id":11877,"href":"https:\/\/sindesvdf.com.br\/news\/wp-json\/wp\/v2\/posts\/11870\/revisions\/11877"}],"wp:attachment":[{"href":"https:\/\/sindesvdf.com.br\/news\/wp-json\/wp\/v2\/media?parent=11870"}],"wp:term":[{"taxonomy":"category","embeddable":true,"href":"https:\/\/sindesvdf.com.br\/news\/wp-json\/wp\/v2\/categories?post=11870"},{"taxonomy":"post_tag","embeddable":true,"href":"https:\/\/sindesvdf.com.br\/news\/wp-json\/wp\/v2\/tags?post=11870"}],"curies":[{"name":"wp","href":"https:\/\/api.w.org\/{rel}","templated":true}]}}