{"id":11929,"date":"2018-11-19T14:07:51","date_gmt":"2018-11-19T16:07:51","guid":{"rendered":"http:\/\/sindesvdf.com.br\/news\/?p=11929"},"modified":"2018-11-19T14:07:51","modified_gmt":"2018-11-19T16:07:51","slug":"cut-e-centrais-mobilizam-suas-bases-para-atos-em-defesa-da-previdencia-no-dia-22","status":"publish","type":"post","link":"https:\/\/sindesvdf.com.br\/news\/cut-e-centrais-mobilizam-suas-bases-para-atos-em-defesa-da-previdencia-no-dia-22\/","title":{"rendered":"CUT e centrais mobilizam suas bases para atos em defesa da Previd\u00eancia no dia 22"},"content":{"rendered":"<figure id=\"attachment_11931\" aria-describedby=\"caption-attachment-11931\" style=\"width: 700px\" class=\"wp-caption aligncenter\"><a href=\"http:\/\/sindesvdf.com.br\/news\/wp-content\/uploads\/2018\/11\/22-de-novembro.jpg\"><img loading=\"lazy\" decoding=\"async\" class=\"wp-image-11931 size-full\" src=\"http:\/\/sindesvdf.com.br\/news\/wp-content\/uploads\/2018\/11\/22-de-novembro.jpg\" alt=\"\" width=\"700\" height=\"400\" srcset=\"https:\/\/sindesvdf.com.br\/news\/wp-content\/uploads\/2018\/11\/22-de-novembro.jpg 700w, https:\/\/sindesvdf.com.br\/news\/wp-content\/uploads\/2018\/11\/22-de-novembro-300x171.jpg 300w, https:\/\/sindesvdf.com.br\/news\/wp-content\/uploads\/2018\/11\/22-de-novembro-150x86.jpg 150w, https:\/\/sindesvdf.com.br\/news\/wp-content\/uploads\/2018\/11\/22-de-novembro-250x143.jpg 250w\" sizes=\"auto, (max-width: 700px) 100vw, 700px\" \/><\/a><figcaption id=\"caption-attachment-11931\" class=\"wp-caption-text\">Mobiliza\u00e7\u00e3o faz parte da campanha permanente em defesa da aposentadoria lan\u00e7ada pelas entidades este m\u00eas<\/figcaption><\/figure>\n<p><span style=\"font-size: 18px;\">A CUT e outras oito centrais sindicais do Brasil est\u00e3o mobilizando suas bases para garantir ampla participa\u00e7\u00e3o da classe trabalhadora do pa\u00eds nos atos em defesa da aposentadoria, contra a reforma da Previd\u00eancia que o presidente eleito, Jair Bolsonaro (PSL), j\u00e1 disse v\u00e1rias vezes que pretende fazer.<\/span><\/p>\n<p><span style=\"font-size: 18px;\">A reforma de Bolsonaro tende a pior do que a que o golpista e ileg\u00edtimo Michel Temer (MDB) n\u00e3o conseguiu aprovar por press\u00e3o da classe trabalhadora que fez a maior greve da hist\u00f3ria do pa\u00eds, em abril do ano passado e conseguiu barrar a aprova\u00e7\u00e3o do projeto de lei. A equipe dele quer implementar o modelo de capitaliza\u00e7\u00e3o da previd\u00eancia que levou os trabalhadores e trabalhadoras chilenos \u00e0 mis\u00e9ria, muitos n\u00e3o conseguiram se aposentar.<\/span><\/p>\n<p><span style=\"font-size: 18px;\"><strong>22\/11 &#8211; Dia Nacional de Mobiliza\u00e7\u00e3o<\/strong><\/span><\/p>\n<p><span style=\"font-size: 18px;\">A primeira manifesta\u00e7\u00e3o da CUT e demais centrais contra o fim da aposentadoria dos trabalhadores e trabalhadoras brasileiros ser\u00e1 na pr\u00f3xima\u00a0<strong>quinta-feira (22)<\/strong>, quando ser\u00e1 realizado o\u00a0<strong>Dia Nacional de Mobiliza\u00e7\u00e3o,<\/strong>que ter\u00e1 protestos, panfletagem de materiais, di\u00e1logo nas ruas com a popula\u00e7\u00e3o e assembleias nos locais de trabalho.<\/span><\/p>\n<p><span style=\"font-size: 18px;\">Na reuni\u00e3o da Dire\u00e7\u00e3o Executiva da CUT, realizada no \u00faltimo dia 9, os dirigentes reafirmaram que a linha de a\u00e7\u00e3o desenvolvida em 2017 na campanha em defesa da Previd\u00eancia p\u00fablica, solid\u00e1ria e universal \u00e9 a mesma que deve ser adotada para impedir as reformas que o futuro governo quer fazer.\u00a0<\/span><\/p>\n<p><span style=\"font-size: 18px;\">Para a CUT, trata-se da defesa do sistema de Seguridade Social, conquistado em 1988, como resultado de d\u00e9cadas de luta e que comprovadamente n\u00e3o \u00e9 deficit\u00e1rio, como alega o atual governo e a equipe de transi\u00e7\u00e3o do pr\u00f3ximo.<\/span><\/p>\n<p><span style=\"font-size: 18px;\">Por isso, a CUT orientou todas as entidades sindicais filiadas a organizarem atos massivos e unit\u00e1rios no dia 22 de novembro, em todas as capitais do pa\u00eds, em defesa da Previd\u00eancia.<\/span><\/p>\n<p><span style=\"font-size: 18px;\">Al\u00e9m disso, as entidades CUTistas v\u00e3o retomar a campanha nacional em defesa da Previd\u00eancia, cuja efic\u00e1cia foi comprovada no primeiro semestre de 2017 e que tem como eixos:<\/span><\/p>\n<p><span style=\"font-size: 18px;\">\uf0b7\u00a0\u00a0\u00a0\u00a0\u00a0\u00a0\u00a0\u00a0\u00a0A cria\u00e7\u00e3o de Comit\u00eas Populares em cada cidade, envolvendo os sindicatos, os movimentos sociais e as prefeituras num amplo processo de debate e mobiliza\u00e7\u00e3o contra a reforma da previd\u00eancia;<\/span><\/p>\n<p><span style=\"font-size: 18px;\">\uf0b7\u00a0\u00a0\u00a0\u00a0\u00a0\u00a0\u00a0\u00a0\u00a0A press\u00e3o, na base eleitoral dos deputados federais, para que votem contra a reforma;<\/span><\/p>\n<p><span style=\"font-size: 18px;\">\uf0b7\u00a0\u00a0\u00a0\u00a0\u00a0\u00a0\u00a0\u00a0\u00a0A divulga\u00e7\u00e3o e material de propaganda, por meio de panfletagens em \u00e1reas de maior circula\u00e7\u00e3o e pessoas (pra\u00e7as, esta\u00e7\u00e3o de metr\u00f4, terminais de \u00f4nibus) e da envio de mensagens nas redes sociais.<\/span><\/p>\n<p><span style=\"font-size: 18px;\">Um dos materiais que pode ser trabalhado nessas a\u00e7\u00f5es j\u00e1 est\u00e1 pronto. Clique\u00a0<a href=\"https:\/\/admin.cut.org.br\/system\/uploads\/ck\/jornal%20dia%2022.pdf\" target=\"_blank\" rel=\"noopener\">aqui<\/a>\u00a0para baixar.<\/span><\/p>\n<p style=\"text-align: right;\"><em><span style=\"color: #ff0000;\">Fonte: CUT<\/span><\/em><\/p>\n<hr \/>\n<p style=\"text-align: center;\"><span style=\"color: #ff0000;\"><strong>SindesvDF<\/strong> <\/span>&#8211; <em>Sempre Vigilante em Defesa da Categoria<\/em><\/p>\n<p class=\"wpf_wrapper\"><a class=\"print_link\" href=\"\" target=\"_blank\">Preparar para impress\u00e3o<\/a><\/p><!-- .wpf_wrapper -->","protected":false},"excerpt":{"rendered":"<p>A CUT e outras oito centrais sindicais do Brasil est\u00e3o mobilizando suas bases para garantir ampla participa\u00e7\u00e3o da classe trabalhadora&hellip; <\/p>\n","protected":false},"author":1,"featured_media":0,"comment_status":"closed","ping_status":"closed","sticky":false,"template":"","format":"standard","meta":{"footnotes":""},"categories":[7],"tags":[],"class_list":["post-11929","post","type-post","status-publish","format-standard","hentry","category-noticias"],"jetpack_featured_media_url":"","_links":{"self":[{"href":"https:\/\/sindesvdf.com.br\/news\/wp-json\/wp\/v2\/posts\/11929","targetHints":{"allow":["GET"]}}],"collection":[{"href":"https:\/\/sindesvdf.com.br\/news\/wp-json\/wp\/v2\/posts"}],"about":[{"href":"https:\/\/sindesvdf.com.br\/news\/wp-json\/wp\/v2\/types\/post"}],"author":[{"embeddable":true,"href":"https:\/\/sindesvdf.com.br\/news\/wp-json\/wp\/v2\/users\/1"}],"replies":[{"embeddable":true,"href":"https:\/\/sindesvdf.com.br\/news\/wp-json\/wp\/v2\/comments?post=11929"}],"version-history":[{"count":2,"href":"https:\/\/sindesvdf.com.br\/news\/wp-json\/wp\/v2\/posts\/11929\/revisions"}],"predecessor-version":[{"id":11932,"href":"https:\/\/sindesvdf.com.br\/news\/wp-json\/wp\/v2\/posts\/11929\/revisions\/11932"}],"wp:attachment":[{"href":"https:\/\/sindesvdf.com.br\/news\/wp-json\/wp\/v2\/media?parent=11929"}],"wp:term":[{"taxonomy":"category","embeddable":true,"href":"https:\/\/sindesvdf.com.br\/news\/wp-json\/wp\/v2\/categories?post=11929"},{"taxonomy":"post_tag","embeddable":true,"href":"https:\/\/sindesvdf.com.br\/news\/wp-json\/wp\/v2\/tags?post=11929"}],"curies":[{"name":"wp","href":"https:\/\/api.w.org\/{rel}","templated":true}]}}