{"id":12070,"date":"2018-12-14T13:30:18","date_gmt":"2018-12-14T15:30:18","guid":{"rendered":"http:\/\/sindesvdf.com.br\/news\/?p=12070"},"modified":"2018-12-14T13:47:00","modified_gmt":"2018-12-14T15:47:00","slug":"esclarecimento-sobre-o-pagamento-do-retroativo-dissidio-coletivo-data-base-2018","status":"publish","type":"post","link":"https:\/\/sindesvdf.com.br\/news\/esclarecimento-sobre-o-pagamento-do-retroativo-dissidio-coletivo-data-base-2018\/","title":{"rendered":"Esclarecimento sobre o pagamento do retroativo \u2013 Diss\u00eddio Coletivo \u2013 Data-Base 2018."},"content":{"rendered":"<p><img loading=\"lazy\" decoding=\"async\" class=\"size-full wp-image-12072 alignnone\" src=\"http:\/\/sindesvdf.com.br\/news\/wp-content\/uploads\/2018\/12\/Paulo-audio.png\" alt=\"\" width=\"700\" height=\"400\" srcset=\"https:\/\/sindesvdf.com.br\/news\/wp-content\/uploads\/2018\/12\/Paulo-audio.png 700w, https:\/\/sindesvdf.com.br\/news\/wp-content\/uploads\/2018\/12\/Paulo-audio-300x171.png 300w, https:\/\/sindesvdf.com.br\/news\/wp-content\/uploads\/2018\/12\/Paulo-audio-150x86.png 150w, https:\/\/sindesvdf.com.br\/news\/wp-content\/uploads\/2018\/12\/Paulo-audio-250x143.png 250w\" sizes=\"auto, (max-width: 700px) 100vw, 700px\" \/><\/p>\n<p><span style=\"font-size: 18px;\">No dia 13\/12 foi publicada, pelo TRT 10\u00aa Regi\u00e3o, a senten\u00e7a referente aos embargos patronais. Ou seja, prevalece a senten\u00e7a normativa exatamente como estava anteriormente. De acordo com o par\u00e1grafo 5\u00ba, as empresas pagar\u00e3o as diferen\u00e7as salariais, referentes ao per\u00edodo de janeiro a agosto\/2018, em quatro (04) parcelas mensais iguais e consecutivas, a partir do sal\u00e1rio do m\u00eas de outubro\/2018 (pagamento no quinto dia \u00fatil de novembro).<\/span><\/p>\n<p><span style=\"font-size: 18px;\">Fica assim:<\/span><\/p>\n<p><span style=\"font-size: 18px;\">1\u00aa parcela \u2013 pagamento no quinto dia \u00fatil de novembro\/2018;<\/span><\/p>\n<p><span style=\"font-size: 18px;\">2\u00aa parcela \u2013 pagamento no quinto dia \u00fatil de dezembro\/2018;<\/span><\/p>\n<p><span style=\"font-size: 18px;\">3\u00aa parcela \u2013 pagamento no quinto dia \u00fatil de janeiro\/2019;<\/span><\/p>\n<p><span style=\"font-size: 18px;\">4\u00aa parcela \u2013 pagamento no quinto dia \u00fatil de fevereiro\/2019;<\/span><\/p>\n<p><span style=\"font-size: 18px;\">E as diferen\u00e7as salariais do m\u00eas de setembro\/2019 deve ser paga at\u00e9 o sal\u00e1rio de fevereiro, a ser pago no quinto dia \u00fatil de mar\u00e7o\/2019.<\/span><\/p>\n<p><span style=\"font-size: 18px;\">J\u00e1 o retroativo do t\u00edquete refei\u00e7\u00e3o deve ser pago de uma \u00fanica vez. Os companheiros do TJDFT, que a empresa MultServ n\u00e3o pagou nada de t\u00edquete. O Sindicato j\u00e1 protocolou um of\u00edcio na presid\u00eancia do TJDFT \u2013 Tribunal de Justi\u00e7a do Trabalho do Distrito Federal e Territ\u00f3rios.<\/span><\/p>\n<p><span style=\"font-size: 18px;\">A Empresa que vier a descumprir essa senten\u00e7a normativa, entraremos imediatamente com uma a\u00e7\u00e3o de cumprimento na Justi\u00e7a. Essa a\u00e7\u00e3o n\u00e3o foi feita antes porque o Sindicato estava aguardando o julgamento dos embargos patronais (em audi\u00eancia que ocorreu no dia 11\/12\/2018), onde, mais uma vez, se confirmou a senten\u00e7a proferida anteriormente durante o julgamento do nosso Diss\u00eddio Coletivo\/2018.<\/span><\/p>\n<p><strong>Escute o \u00e1udio do Presidente do Sindesv-DF, Paulo Quadros,\u00a0sobre o pagamento do retroativo.\u00a0<\/strong><\/p>\n<div style=\"width: 1110px;\" class=\"wp-video\"><video class=\"wp-video-shortcode\" id=\"video-12070-1\" width=\"1110\" height=\"624\" preload=\"metadata\" controls=\"controls\"><source type=\"video\/mp4\" src=\"http:\/\/sindesvdf.com.br\/news\/wp-content\/uploads\/2018\/12\/\u00c1udio-Paulo-ZAP-2.mp4?_=1\" \/><a href=\"http:\/\/sindesvdf.com.br\/news\/wp-content\/uploads\/2018\/12\/\u00c1udio-Paulo-ZAP-2.mp4\">http:\/\/sindesvdf.com.br\/news\/wp-content\/uploads\/2018\/12\/\u00c1udio-Paulo-ZAP-2.mp4<\/a><\/video><\/div>\n<hr \/>\n<p style=\"text-align: center;\"><span style=\"color: #ff0000;\"><strong>SindesvDF<\/strong> <\/span>&#8211; <em>Sempre Vigilante em Defesa da Categoria<\/em><\/p>\n<p class=\"wpf_wrapper\"><a class=\"print_link\" href=\"\" target=\"_blank\">Preparar para impress\u00e3o<\/a><\/p><!-- .wpf_wrapper -->","protected":false},"excerpt":{"rendered":"<p>No dia 13\/12 foi publicada, pelo TRT 10\u00aa Regi\u00e3o, a senten\u00e7a referente aos embargos patronais. Ou seja, prevalece a senten\u00e7a&hellip; <\/p>\n","protected":false},"author":1,"featured_media":0,"comment_status":"closed","ping_status":"closed","sticky":false,"template":"","format":"standard","meta":{"footnotes":""},"categories":[7],"tags":[],"class_list":["post-12070","post","type-post","status-publish","format-standard","hentry","category-noticias"],"jetpack_featured_media_url":"","_links":{"self":[{"href":"https:\/\/sindesvdf.com.br\/news\/wp-json\/wp\/v2\/posts\/12070","targetHints":{"allow":["GET"]}}],"collection":[{"href":"https:\/\/sindesvdf.com.br\/news\/wp-json\/wp\/v2\/posts"}],"about":[{"href":"https:\/\/sindesvdf.com.br\/news\/wp-json\/wp\/v2\/types\/post"}],"author":[{"embeddable":true,"href":"https:\/\/sindesvdf.com.br\/news\/wp-json\/wp\/v2\/users\/1"}],"replies":[{"embeddable":true,"href":"https:\/\/sindesvdf.com.br\/news\/wp-json\/wp\/v2\/comments?post=12070"}],"version-history":[{"count":5,"href":"https:\/\/sindesvdf.com.br\/news\/wp-json\/wp\/v2\/posts\/12070\/revisions"}],"predecessor-version":[{"id":12078,"href":"https:\/\/sindesvdf.com.br\/news\/wp-json\/wp\/v2\/posts\/12070\/revisions\/12078"}],"wp:attachment":[{"href":"https:\/\/sindesvdf.com.br\/news\/wp-json\/wp\/v2\/media?parent=12070"}],"wp:term":[{"taxonomy":"category","embeddable":true,"href":"https:\/\/sindesvdf.com.br\/news\/wp-json\/wp\/v2\/categories?post=12070"},{"taxonomy":"post_tag","embeddable":true,"href":"https:\/\/sindesvdf.com.br\/news\/wp-json\/wp\/v2\/tags?post=12070"}],"curies":[{"name":"wp","href":"https:\/\/api.w.org\/{rel}","templated":true}]}}