{"id":12080,"date":"2018-12-17T16:10:11","date_gmt":"2018-12-17T18:10:11","guid":{"rendered":"http:\/\/sindesvdf.com.br\/news\/?p=12080"},"modified":"2018-12-17T16:17:28","modified_gmt":"2018-12-17T18:17:28","slug":"equipe-de-bolsonaro-prepara-lista-de-cortes-em-empresas-terceirizadas","status":"publish","type":"post","link":"https:\/\/sindesvdf.com.br\/news\/equipe-de-bolsonaro-prepara-lista-de-cortes-em-empresas-terceirizadas\/","title":{"rendered":"Equipe de Bolsonaro prepara lista de cortes em empresas terceirizadas"},"content":{"rendered":"<p><img loading=\"lazy\" decoding=\"async\" class=\"aligncenter size-full wp-image-12084\" src=\"http:\/\/sindesvdf.com.br\/news\/wp-content\/uploads\/2018\/12\/desemprego-atual.png\" alt=\"\" width=\"700\" height=\"400\" srcset=\"https:\/\/sindesvdf.com.br\/news\/wp-content\/uploads\/2018\/12\/desemprego-atual.png 700w, https:\/\/sindesvdf.com.br\/news\/wp-content\/uploads\/2018\/12\/desemprego-atual-300x171.png 300w, https:\/\/sindesvdf.com.br\/news\/wp-content\/uploads\/2018\/12\/desemprego-atual-150x86.png 150w, https:\/\/sindesvdf.com.br\/news\/wp-content\/uploads\/2018\/12\/desemprego-atual-250x143.png 250w\" sizes=\"auto, (max-width: 700px) 100vw, 700px\" \/><\/p>\n<p><span style=\"font-size: 18px;\">Auxiliares do futuro governo\u00a0Jair Bolsonaro\u00a0preparam uma rela\u00e7\u00e3o de contratos da Uni\u00e3o com empresas terceirizadas que n\u00e3o devem ser renovados a partir de 2019. O gasto federal no setor \u00e9 de cerca de R$ 25 bilh\u00f5es por ano, mas, nas estimativas da equipe, o pagamento dos profissionais contratados consome cerca de 20% desse valor.<\/span><\/p>\n<p><span style=\"font-size: 18px;\">As listas de funcion\u00e1rios terceirizados dos minist\u00e9rios \u2013 empregados em \u00e1reas como limpeza, manuten\u00e7\u00e3o, preven\u00e7\u00e3o, transporte e vigil\u00e2ncia \u2013 foram repassadas pelo atual governo. O grupo de transi\u00e7\u00e3o vem trabalhando em propostas para tentar reduzir as despesas p\u00fablicas em meio ao ajuste fiscal.<\/span><\/p>\n<p><span style=\"font-size: 18px;\">Al\u00e9m de\u00a0<a href=\"https:\/\/www.metropoles.com\/brasil\/servidor-brasil\/governo-atualiza-regras-e-amplia-terceirizacao-no-servico-publico\" target=\"_blank\" rel=\"noopener\">avaliar as terceirizadas<\/a>, a transi\u00e7\u00e3o analisa contratos firmados ao longo deste ano e aditivos com vig\u00eancia at\u00e9 julho de 2019 que podem ser suspensos ou n\u00e3o renovados. Para essa revis\u00e3o, a equipe do presidente eleito est\u00e1 focando a Secretaria de Comunica\u00e7\u00e3o (Secom) \u2013 detentora dos contratos de publicidade \u2013 e os atuais minist\u00e9rios das Cidades, Educa\u00e7\u00e3o, Esporte, Integra\u00e7\u00e3o Nacional, Sa\u00fade e Turismo.<\/span><\/p>\n<p><span style=\"font-size: 18px;\">Uma das primeiras pastas a entrar no radar da equipe de Bolsonaro \u00e9 o Minist\u00e9rio do Turismo. A pasta gasta com profissionais como gar\u00e7ons, bombeiros civis, secret\u00e1rias e recepcionistas valor que chega a ser o dobro das remunera\u00e7\u00f5es de oficiais da Pol\u00edcia Militar e do Corpo de Bombeiros dos Estados.<\/span><\/p>\n<p><span style=\"font-size: 18px;\">Uma rela\u00e7\u00e3o que chegou a Bolsonaro na semana passada indicou que o \u00f3rg\u00e3o consome cerca de R$ 1 milh\u00e3o por m\u00eas com os servi\u00e7os de quatro empresas. \u201cTodas as \u00e1reas ter\u00e3o de fazer um pente-fino, porque o Estado est\u00e1 inchado\u201d, disse o vice-presidente eleito, Hamilton Mour\u00e3o. \u201cN\u00e3o pode passar uma r\u00e9gua. Mas temos de ver onde h\u00e1 gente em excesso e problemas em contratos.\u201d<\/span><\/p>\n<p><span style=\"font-size: 18px;\">No Turismo, a\u00a0<a href=\"https:\/\/www.metropoles.com\/brasil\/servidor-brasil\/governo-atualiza-regras-e-amplia-terceirizacao-no-servico-publico\" target=\"_blank\" rel=\"noopener\">empresa terceirizada<\/a>recebe R$ 18,3 mil para manter um bombeiro civil, que tem um sal\u00e1rio de R$ 4 mil. \u00c9 uma despesa superior aos R$ 3,6 mil pagos a um soldado e aos R$ 8,2 mil recebidos por um oficial do Corpo de Bombeiros de Alagoas, por exemplo, estado do ex-ministro e deputado federal Marx Beltr\u00e3o (PSD). O contrato foi firmado no come\u00e7o do ano, na gest\u00e3o de Beltr\u00e3o \u2013 ele deixou o comando da pasta em abril.<\/span><\/p>\n<p><span style=\"font-size: 18px;\">No minist\u00e9rio ficaram 62 secret\u00e1rias contratadas por meio de empresas terceirizadas. Cada uma delas custa aos cofres p\u00fablicos entre R$ 5 mil e R$ 9 mil, os sal\u00e1rios variam de R$ 2 mil a R$ 4 mil. Um vigilante do minist\u00e9rio custa R$ 7 mil, valor maior que o pago a um policial militar de Bras\u00edlia, um dos maiores sal\u00e1rios da corpora\u00e7\u00e3o no pa\u00eds. O vigilante terceirizado recebe R$ 2,7 mil.<\/span><\/p>\n<p><span style=\"font-size: 18px;\"><strong>Outro lado<\/strong><\/span><br \/>\n<span style=\"font-size: 18px;\">A reportagem entrou em contato com o gabinete de Beltr\u00e3o, mas n\u00e3o obteve resposta. O Minist\u00e9rio do Turismo ressaltou que os\u00a0<a href=\"https:\/\/www.metropoles.com\/brasil\/justica\/pela-quarta-vez-stf-adia-decisao-sobre-terceirizacao-de-atividade-fim\" target=\"_blank\" rel=\"noopener\">contratos de terceiriza\u00e7\u00e3o<\/a>\u00a0foram firmados ap\u00f3s preg\u00e3o eletr\u00f4nico, segundo as regras do decreto N\u00ba 5.450 que estipula como vencedora a proposta de menor pre\u00e7o e com capacidade para atender a demanda do \u00f3rg\u00e3o.<\/span><\/p>\n<p><span style=\"font-size: 18px;\">\u201cCabe esclarecer que no valor total pago pela pasta para cada colaborador constam todos os tributos e encargos trabalhistas (\u2026) e que os sal\u00e1rios respeitam as conven\u00e7\u00f5es coletivas de cada categoria em respeito ao que determina a lei.\u201d<\/span><\/p>\n<p><span style=\"font-size: 18px;\"><strong>Indica\u00e7\u00f5es<\/strong><\/span><br \/>\n<span style=\"font-size: 18px;\">No final de novembro, Beltr\u00e3o liderava um grupo intitulado \u201cbancada do turismo\u201d que convenceu o presidente eleito Bolsonaro a indicar o deputado Marcelo \u00c1lvaro Antonio (PSL-MG) para comandar a pasta no futuro governo. Antonio conseguiu ainda a chancela de lideran\u00e7as do PSL.<\/span><\/p>\n<p><span style=\"font-size: 18px;\">J\u00e1 o atual ministro Vin\u00edcius Lummertz, que sucedeu Beltr\u00e3o, \u00e9 considerado, na avalia\u00e7\u00e3o de auxiliares de Bolsonaro, um gestor \u201ceficiente\u201d na defesa do turismo de Santa Catarina, seu Estado de origem. Uma das marcas da pasta, o Selo+ de Turismo, que abre portas para empresas interessadas em financiamentos do Banco Nacional de Desenvolvimento Econ\u00f4mico e Social (BNDES), estaria sendo usado politicamente por Lemmertz.<\/span><\/p>\n<p><span style=\"font-size: 18px;\">De maio a outubro, foram apresentadas 58 propostas de obten\u00e7\u00e3o do certificado, que abrange 46 munic\u00edpios. Destes, 26 s\u00e3o catarinenses. Outros estados de grande destino tur\u00edstico tiveram menos munic\u00edpios contemplados pelo programa. S\u00e3o os casos do Rio de Janeiro (1), S\u00e3o Paulo (1), Rio Grande do Norte (3), Paran\u00e1 (6) e Rio Grande do Sul (9). As unidades do Distrito Federal, Esp\u00edrito Santo e Pernambuco n\u00e3o foram contempladas. O BNDES tornou dispon\u00edvel R$ 1,7 bilh\u00e3o para 40 empresas que obtiveram o selo.<\/span><\/p>\n<p><span style=\"font-size: 18px;\">Procurado, o minist\u00e9rio argumentou que a prioridade dada a Santa Catarina, que constou em documentos analisados pela equipe de transi\u00e7\u00e3o, levou em conta a 3.\u00aa fase do programa Prodetur+Turismo.<\/span><\/p>\n<p><span style=\"font-size: 18px;\">\u201cO Prodetur Nordeste e o Prodetur Nacional (1.\u00aa e 2.\u00aa fases) atenderam, prioritariamente, \u00e0 Regi\u00e3o Nordeste. J\u00e1 a 3\u00aa fase, intitulada Prodetur+Turismo, foi estrategicamente lan\u00e7ada na macrorregi\u00e3o Sul e depois percorreu diversas capitais do Pa\u00eds, como Manaus, Belo Horizonte, Goi\u00e2nia, S\u00e3o Paulo, Natal, Florian\u00f3polis, Cuiab\u00e1 e Campo Grande\u201d, informou a nota.<\/span><\/p>\n<p><span style=\"font-size: 18px;\"><strong>Contratos de publicidade<\/strong><\/span><br \/>\n<span style=\"font-size: 18px;\">A equipe de transi\u00e7\u00e3o que avalia os contratos firmados ao longo deste ano e aditivos com vig\u00eancia at\u00e9 julho de 2019 na Secretaria de Comunica\u00e7\u00e3o (Secom) da Presid\u00eancia tem mirado especialmente os de publicidade.<\/span><\/p>\n<p><span style=\"font-size: 18px;\">Na Secom, ligada ao Pal\u00e1cio do Planalto, a equipe de Jair Bolsonaro avalia detalhes dos contratos firmados ainda em 2017 com as ag\u00eancias de publicidade Artplan, Calia Y2 e PPR. Juntos t\u00eam previs\u00e3o de um gasto de R$ 260 milh\u00f5es neste ano.<\/span><\/p>\n<p><span style=\"font-size: 18px;\">Um aditivo acordado em agosto \u00faltimo prorrogou os contratos at\u00e9 o mesmo m\u00eas de 2019. Pela meta de Bolsonaro de priorizar a comunica\u00e7\u00e3o nas redes sociais, as negocia\u00e7\u00f5es com ag\u00eancias de publicidade dever\u00e3o passar por mudan\u00e7as.<\/span><\/p>\n<p><span style=\"font-size: 18px;\">O grupo, no entanto, est\u00e1 no momento mais focado em\u00a0<a href=\"https:\/\/www.metropoles.com\/distrito-federal\/mpf-investiga-fraude-em-empresas-de-limpeza-e-vigilancia-do-df\" target=\"_blank\" rel=\"noopener\">uma s\u00e9rie de contratos\u00a0<\/a>na faixa de R$ 400 mil a R$ 500 mil para servi\u00e7os de secret\u00e1rias, realiza\u00e7\u00e3o de palestras e confer\u00eancias e produ\u00e7\u00e3o de relat\u00f3rios, considerados \u201cdispens\u00e1veis\u201d. Procurada pela reportagem, a Secom n\u00e3o comentou os gastos.<\/span><\/p>\n<p><span style=\"font-size: 18px;\">Na radiografia na \u00e1rea de Esporte, o grupo analisa contratos encerrados desde julho passado, que podem ter aditivos. Um deles prev\u00ea o pagamento, ainda em 2018, de R$ 1,1 milh\u00e3o para uma empresa de aluguel de m\u00e1quinas. H\u00e1 contratos de gest\u00e3o empresarial no valor de R$ 1,6 milh\u00e3o e outro com uma empresa especializada em sistema de energia, de R$ 919 mil.<\/span><\/p>\n<p><span style=\"font-size: 18px;\"><strong>Sa\u00fade<br \/>\n<\/strong>O deputado Luiz Henrique Mandetta (DEM-MS), que chefiar\u00e1 a Sa\u00fade, disse ao Estado que estuda uma \u201cchecagem\u201d e \u201crechecagem\u201d dos contratos do minist\u00e9rio. \u201cTodos os contratos assinados no ano de 2018 que projetam para mais de um ano de contrato, est\u00e3o sendo revistos\u201d, informou.<\/span><\/p>\n<p><span style=\"font-size: 18px;\">\u201cComo os contratos s\u00e3o feitos para dois, tr\u00eas, cinco anos, os que passarem de 2019 tamb\u00e9m ser\u00e3o avaliados.\u201d<\/span><\/p>\n<p><span style=\"font-size: 18px;\">Mandetta relatou que o Minist\u00e9rio P\u00fablico Federal apresentou \u00e0 equipe de transi\u00e7\u00e3o uma \u201cobserva\u00e7\u00e3o\u201d sobre um contrato de publicidade nas redes sociais de valor considerado \u201cabusivo\u201d. \u201cTudo est\u00e1 sendo avaliado pela equipe de transi\u00e7\u00e3o e, somente no final deste per\u00edodo, ser\u00e1 poss\u00edvel apresentar um balan\u00e7o\u201d, ressaltou. \u201cEstive no Tribunal de Contas da Uni\u00e3o e tamb\u00e9m pedi que eles pudessem apontar eventuais problemas.\u201d<\/span><\/p>\n<p><span style=\"font-size: 18px;\">Ele observou que a grande estrutura da pasta da Sa\u00fade exige maior aten\u00e7\u00e3o. \u201cO minist\u00e9rio contempla in\u00fameras situa\u00e7\u00f5es, n\u00e3o s\u00f3 em Bras\u00edlia, mas no Rio de Janeiro, Rio Grande do Sul e muitos outros Estados\u201d, ressaltou. Ele disse que pretende fazer comparativos dos contratos vigentes com outros semelhantes de outros minist\u00e9rios. \u201cVoc\u00ea n\u00e3o pode partir do princ\u00edpio de que est\u00e3o todos errados. Mas vamos ter nossos crit\u00e9rios, com pesquisa de mercado, comparativo com outros \u00f3rg\u00e3os p\u00fablicos e ver se est\u00e1 dentro da m\u00e9dia ou fora de padr\u00e3o.\u201d<\/span><\/p>\n<p><span style=\"font-size: 18px;\">J\u00e1 o grupo de trabalho na Educa\u00e7\u00e3o est\u00e1 fazendo levantamento, entre outras \u00e1reas, na comunica\u00e7\u00e3o da pasta. Outro setor de aten\u00e7\u00e3o da equipe \u00e9 a rede de 32 hospitais universit\u00e1rios vinculados ao minist\u00e9rio.<\/span><\/p>\n<p style=\"text-align: right;\"><em><span style=\"color: #ff0000;\">Fonte: Metr\u00f3poles<\/span><\/em><\/p>\n<hr \/>\n<p style=\"text-align: center;\"><span style=\"color: #ff0000;\"><strong>SindesvDF<\/strong> <\/span>&#8211; <em>Sempre Vigilante em Defesa da Categoria<\/em><\/p>\n<p class=\"wpf_wrapper\"><a class=\"print_link\" href=\"\" target=\"_blank\">Preparar para impress\u00e3o<\/a><\/p><!-- .wpf_wrapper -->","protected":false},"excerpt":{"rendered":"<p>Auxiliares do futuro governo\u00a0Jair Bolsonaro\u00a0preparam uma rela\u00e7\u00e3o de contratos da Uni\u00e3o com empresas terceirizadas que n\u00e3o devem ser renovados a&hellip; <\/p>\n","protected":false},"author":1,"featured_media":0,"comment_status":"closed","ping_status":"closed","sticky":false,"template":"","format":"standard","meta":{"footnotes":""},"categories":[7],"tags":[],"class_list":["post-12080","post","type-post","status-publish","format-standard","hentry","category-noticias"],"jetpack_featured_media_url":"","_links":{"self":[{"href":"https:\/\/sindesvdf.com.br\/news\/wp-json\/wp\/v2\/posts\/12080","targetHints":{"allow":["GET"]}}],"collection":[{"href":"https:\/\/sindesvdf.com.br\/news\/wp-json\/wp\/v2\/posts"}],"about":[{"href":"https:\/\/sindesvdf.com.br\/news\/wp-json\/wp\/v2\/types\/post"}],"author":[{"embeddable":true,"href":"https:\/\/sindesvdf.com.br\/news\/wp-json\/wp\/v2\/users\/1"}],"replies":[{"embeddable":true,"href":"https:\/\/sindesvdf.com.br\/news\/wp-json\/wp\/v2\/comments?post=12080"}],"version-history":[{"count":4,"href":"https:\/\/sindesvdf.com.br\/news\/wp-json\/wp\/v2\/posts\/12080\/revisions"}],"predecessor-version":[{"id":12085,"href":"https:\/\/sindesvdf.com.br\/news\/wp-json\/wp\/v2\/posts\/12080\/revisions\/12085"}],"wp:attachment":[{"href":"https:\/\/sindesvdf.com.br\/news\/wp-json\/wp\/v2\/media?parent=12080"}],"wp:term":[{"taxonomy":"category","embeddable":true,"href":"https:\/\/sindesvdf.com.br\/news\/wp-json\/wp\/v2\/categories?post=12080"},{"taxonomy":"post_tag","embeddable":true,"href":"https:\/\/sindesvdf.com.br\/news\/wp-json\/wp\/v2\/tags?post=12080"}],"curies":[{"name":"wp","href":"https:\/\/api.w.org\/{rel}","templated":true}]}}