{"id":12091,"date":"2018-12-26T11:20:55","date_gmt":"2018-12-26T13:20:55","guid":{"rendered":"http:\/\/sindesvdf.com.br\/news\/?p=12091"},"modified":"2018-12-26T11:20:55","modified_gmt":"2018-12-26T13:20:55","slug":"nota-de-pesar-2","status":"publish","type":"post","link":"https:\/\/sindesvdf.com.br\/news\/nota-de-pesar-2\/","title":{"rendered":"Nota de pesar"},"content":{"rendered":"<p class=\"m1134264840809093194ydp8c162da9msonormal\" style=\"background: white;\"><span style=\"font-family: Helvetica, sans-serif; color: #222222; font-size: 18px;\"><img loading=\"lazy\" decoding=\"async\" class=\"alignleft wp-image-12092 size-medium\" src=\"http:\/\/sindesvdf.com.br\/news\/wp-content\/uploads\/2018\/12\/Sigmaringa-Seixas-300x300.png\" alt=\"\" width=\"300\" height=\"300\" srcset=\"https:\/\/sindesvdf.com.br\/news\/wp-content\/uploads\/2018\/12\/Sigmaringa-Seixas-300x300.png 300w, https:\/\/sindesvdf.com.br\/news\/wp-content\/uploads\/2018\/12\/Sigmaringa-Seixas-150x150.png 150w, https:\/\/sindesvdf.com.br\/news\/wp-content\/uploads\/2018\/12\/Sigmaringa-Seixas.png 600w\" sizes=\"auto, (max-width: 300px) 100vw, 300px\" \/>\u00c9 com grande pesar que informamos o falecimento do advogado, ex-deputado federal constituinte e militante dos direitos humanos, Sigmaringa Seixas. Teve papel fundamental na constru\u00e7\u00e3o do livro Brasil Nunca Mais, com depoimentos de pessoas torturadas durante o per\u00edodo da ditadura militar.<\/span><\/p>\n<p class=\"m1134264840809093194ydp8c162da9msonormal\" style=\"background: white;\"><span style=\"font-family: Helvetica, sans-serif; color: #222222; font-size: 18px;\">Sigmaringa, ou SIG, como era chamado pelos amigos, dedicou sua vida \u00e0s causas nobres, colocando todo o seu conhecimento para defender a democracia e as liberdades coletivas e individuais.<\/span><\/p>\n<p class=\"m1134264840809093194ydp8c162da9msonormal\" style=\"background: white;\"><span style=\"font-family: Helvetica, sans-serif; color: #222222; font-size: 18px;\">A dire\u00e7\u00e3o do Sindicato dos Vigilantes se solidariza aos familiares e amigos, rogando a Deus que acolha o nosso companheiro SIG com muita luz e amor.<\/span><\/p>\n<p class=\"wpf_wrapper\"><a class=\"print_link\" href=\"\" target=\"_blank\">Preparar para impress\u00e3o<\/a><\/p><!-- .wpf_wrapper -->","protected":false},"excerpt":{"rendered":"<p>\u00c9 com grande pesar que informamos o falecimento do advogado, ex-deputado federal constituinte e militante dos direitos humanos, Sigmaringa Seixas.&hellip; <\/p>\n","protected":false},"author":1,"featured_media":0,"comment_status":"closed","ping_status":"closed","sticky":false,"template":"","format":"standard","meta":{"footnotes":""},"categories":[7],"tags":[],"class_list":["post-12091","post","type-post","status-publish","format-standard","hentry","category-noticias"],"jetpack_featured_media_url":"","_links":{"self":[{"href":"https:\/\/sindesvdf.com.br\/news\/wp-json\/wp\/v2\/posts\/12091","targetHints":{"allow":["GET"]}}],"collection":[{"href":"https:\/\/sindesvdf.com.br\/news\/wp-json\/wp\/v2\/posts"}],"about":[{"href":"https:\/\/sindesvdf.com.br\/news\/wp-json\/wp\/v2\/types\/post"}],"author":[{"embeddable":true,"href":"https:\/\/sindesvdf.com.br\/news\/wp-json\/wp\/v2\/users\/1"}],"replies":[{"embeddable":true,"href":"https:\/\/sindesvdf.com.br\/news\/wp-json\/wp\/v2\/comments?post=12091"}],"version-history":[{"count":1,"href":"https:\/\/sindesvdf.com.br\/news\/wp-json\/wp\/v2\/posts\/12091\/revisions"}],"predecessor-version":[{"id":12093,"href":"https:\/\/sindesvdf.com.br\/news\/wp-json\/wp\/v2\/posts\/12091\/revisions\/12093"}],"wp:attachment":[{"href":"https:\/\/sindesvdf.com.br\/news\/wp-json\/wp\/v2\/media?parent=12091"}],"wp:term":[{"taxonomy":"category","embeddable":true,"href":"https:\/\/sindesvdf.com.br\/news\/wp-json\/wp\/v2\/categories?post=12091"},{"taxonomy":"post_tag","embeddable":true,"href":"https:\/\/sindesvdf.com.br\/news\/wp-json\/wp\/v2\/tags?post=12091"}],"curies":[{"name":"wp","href":"https:\/\/api.w.org\/{rel}","templated":true}]}}