{"id":12094,"date":"2018-12-26T15:32:46","date_gmt":"2018-12-26T17:32:46","guid":{"rendered":"http:\/\/sindesvdf.com.br\/news\/?p=12094"},"modified":"2018-12-26T15:43:58","modified_gmt":"2018-12-26T17:43:58","slug":"finalmente-vigilantes-do-tjdft-recebem-os-tiquetes-alimentacao-atrasados","status":"publish","type":"post","link":"https:\/\/sindesvdf.com.br\/news\/finalmente-vigilantes-do-tjdft-recebem-os-tiquetes-alimentacao-atrasados\/","title":{"rendered":"Finalmente! Vigilantes do TJDFT recebem os t\u00edquetes alimenta\u00e7\u00e3o atrasados"},"content":{"rendered":"<p><span style=\"font-size: 18px;\"><img loading=\"lazy\" decoding=\"async\" class=\"wp-image-12096 size-large aligncenter\" src=\"http:\/\/sindesvdf.com.br\/news\/wp-content\/uploads\/2018\/12\/26-12-18-790x790.jpeg\" alt=\"\" width=\"790\" height=\"790\" srcset=\"https:\/\/sindesvdf.com.br\/news\/wp-content\/uploads\/2018\/12\/26-12-18-790x790.jpeg 790w, https:\/\/sindesvdf.com.br\/news\/wp-content\/uploads\/2018\/12\/26-12-18-150x150.jpeg 150w, https:\/\/sindesvdf.com.br\/news\/wp-content\/uploads\/2018\/12\/26-12-18-300x300.jpeg 300w, https:\/\/sindesvdf.com.br\/news\/wp-content\/uploads\/2018\/12\/26-12-18-768x768.jpeg 768w, https:\/\/sindesvdf.com.br\/news\/wp-content\/uploads\/2018\/12\/26-12-18.jpeg 1024w\" sizes=\"auto, (max-width: 790px) 100vw, 790px\" \/>Apostou mal quem decidiu n\u00e3o pagar o t\u00edquete refei\u00e7\u00e3o dos vigilantes, confiando que, no julgamento do Diss\u00eddio Coletivo, o pagamento n\u00e3o seria retroativo a 1\u00aa de janeiro\/2018 ou ainda sonhavam que a justi\u00e7a cortaria o benef\u00edcio dos vigilantes. Das empresas que n\u00e3o pagaram, apenas a MultServ insistiu em n\u00e3o pagar. O Sindicato fez acordo individual com algumas empresas e os vigilantes receberam o que lhes era devido, mesmo antes do julgamento do Diss\u00eddio Coletivo. E mesmo depois do julgamento do Diss\u00eddio, a MultServ preferiu n\u00e3o pagar, deixando seus empregados desesperados durante todo o ano de 2018, pois o t\u00edquete alimenta\u00e7\u00e3o \u00e9 um importante complemento \u00e0 renda do trabalhador.<\/span><\/p>\n<p><span style=\"font-size: 18px;\">Chegamos, inclusive, a realizar atos p\u00fablicos em frente ao TJDFT para cobrar o benef\u00edcio e o \u00f3rg\u00e3o chegou a chamar a empresa para negociar e esta se mostrou irredut\u00edvel. Foram of\u00edcios, reuni\u00f5es, negocia\u00e7\u00f5es e ao final, vencemos.<\/span><\/p>\n<p><span style=\"font-size: 18px;\">Com a confirma\u00e7\u00e3o da senten\u00e7a normativa, durante audi\u00eancia de julgamento dos embargos de declara\u00e7\u00e3o, realizada dia 11\/12, a \u00fanica alternativa agora era pagar. Os vigilantes do Tribunal de Justi\u00e7a do DF e Territ\u00f3rios finalmente receberam o seu sonhado t\u00edquete alimenta\u00e7\u00e3o, dia 21\/12 e puderam passar um Natal mais tranquilo junto aos seus familiares. Tudo isso gra\u00e7as a persist\u00eancia da luta deste Sindicato na defesa de direitos e conquistas da categoria.<\/span><\/p>\n<p><span style=\"font-size: 18px;\">Agradecemos ao apoio do deputado Chico Vigilante que contribuiu nas negocia\u00e7\u00f5es com os tomadores de servi\u00e7o.<\/span><\/p>\n<p><span style=\"font-size: 18px;\">Parab\u00e9ns aos vigilantes que confiaram e acreditaram que este Sindicato jamais abandona uma causa justa.<\/span><\/p>\n<p>&nbsp;<\/p>\n<hr \/>\n<p style=\"text-align: center;\"><span style=\"color: #ff0000;\"><strong>SindesvDF<\/strong> <\/span>&#8211; <em>Sempre Vigilante em Defesa da Categoria<\/em><\/p>\n<p class=\"wpf_wrapper\"><a class=\"print_link\" href=\"\" target=\"_blank\">Preparar para impress\u00e3o<\/a><\/p><!-- .wpf_wrapper -->","protected":false},"excerpt":{"rendered":"<p>Apostou mal quem decidiu n\u00e3o pagar o t\u00edquete refei\u00e7\u00e3o dos vigilantes, confiando que, no julgamento do Diss\u00eddio Coletivo, o pagamento&hellip; <\/p>\n","protected":false},"author":1,"featured_media":0,"comment_status":"closed","ping_status":"closed","sticky":false,"template":"","format":"standard","meta":{"footnotes":""},"categories":[7],"tags":[],"class_list":["post-12094","post","type-post","status-publish","format-standard","hentry","category-noticias"],"jetpack_featured_media_url":"","_links":{"self":[{"href":"https:\/\/sindesvdf.com.br\/news\/wp-json\/wp\/v2\/posts\/12094","targetHints":{"allow":["GET"]}}],"collection":[{"href":"https:\/\/sindesvdf.com.br\/news\/wp-json\/wp\/v2\/posts"}],"about":[{"href":"https:\/\/sindesvdf.com.br\/news\/wp-json\/wp\/v2\/types\/post"}],"author":[{"embeddable":true,"href":"https:\/\/sindesvdf.com.br\/news\/wp-json\/wp\/v2\/users\/1"}],"replies":[{"embeddable":true,"href":"https:\/\/sindesvdf.com.br\/news\/wp-json\/wp\/v2\/comments?post=12094"}],"version-history":[{"count":3,"href":"https:\/\/sindesvdf.com.br\/news\/wp-json\/wp\/v2\/posts\/12094\/revisions"}],"predecessor-version":[{"id":12098,"href":"https:\/\/sindesvdf.com.br\/news\/wp-json\/wp\/v2\/posts\/12094\/revisions\/12098"}],"wp:attachment":[{"href":"https:\/\/sindesvdf.com.br\/news\/wp-json\/wp\/v2\/media?parent=12094"}],"wp:term":[{"taxonomy":"category","embeddable":true,"href":"https:\/\/sindesvdf.com.br\/news\/wp-json\/wp\/v2\/categories?post=12094"},{"taxonomy":"post_tag","embeddable":true,"href":"https:\/\/sindesvdf.com.br\/news\/wp-json\/wp\/v2\/tags?post=12094"}],"curies":[{"name":"wp","href":"https:\/\/api.w.org\/{rel}","templated":true}]}}