{"id":12105,"date":"2019-01-03T08:02:53","date_gmt":"2019-01-03T10:02:53","guid":{"rendered":"http:\/\/sindesvdf.com.br\/news\/?p=12105"},"modified":"2019-01-03T08:02:53","modified_gmt":"2019-01-03T10:02:53","slug":"governo-manda-demitir-boa-parte-dos-terceirizados-da-esplanada","status":"publish","type":"post","link":"https:\/\/sindesvdf.com.br\/news\/governo-manda-demitir-boa-parte-dos-terceirizados-da-esplanada\/","title":{"rendered":"Governo manda demitir boa parte dos terceirizados da Esplanada"},"content":{"rendered":"<p><img loading=\"lazy\" decoding=\"async\" class=\"size-full wp-image-12107 alignnone\" src=\"http:\/\/sindesvdf.com.br\/news\/wp-content\/uploads\/2019\/01\/Bolso.png\" alt=\"\" width=\"700\" height=\"400\" srcset=\"https:\/\/sindesvdf.com.br\/news\/wp-content\/uploads\/2019\/01\/Bolso.png 700w, https:\/\/sindesvdf.com.br\/news\/wp-content\/uploads\/2019\/01\/Bolso-300x171.png 300w, https:\/\/sindesvdf.com.br\/news\/wp-content\/uploads\/2019\/01\/Bolso-150x86.png 150w, https:\/\/sindesvdf.com.br\/news\/wp-content\/uploads\/2019\/01\/Bolso-250x143.png 250w\" sizes=\"auto, (max-width: 700px) 100vw, 700px\" \/><\/p>\n<p><span style=\"font-size: 18px;\">Na tentativa de reduzir custos e acelerar o ajuste fiscal, o governo de Jair Bolsonaro determinou que todos os minist\u00e9rios diminuam os contratos com empresas terceirizadas. A ordem \u00e9 cortar \u201cdrasticamente\u201d nessas despesas. Foi feito uma varredura nesses contratos durante o per\u00edodo de transi\u00e7\u00e3o.<\/span><\/p>\n<p><span style=\"font-size: 18px;\">V\u00e1rios minist\u00e9rios, inclusive, j\u00e1 receberam a lista com todos os contratos que devem ser revistos e os valores que devem ser reduzidos. Desde a manh\u00e3 desta quarta-feira, 2 de janeiro, primeiro dia \u00fatil do governo Bolsonaro, ocupantes de cargos terceirizados foram dispensados assim que chegaram ao trabalho.<\/span><\/p>\n<p><span style=\"font-size: 18px;\">Esse enxugamento dos terceirizados vai se estender pelas pr\u00f3ximas semanas. No total, o governo gasta R$ 25 bilh\u00f5es por ano com esses contratos, sendo que 20% disso com profissionais contratados pelas empresas. Al\u00e9m de custarem caros, os contratos s\u00e3o alvos de irregularidades. As empresas recebem o dinheiro, os donos somem com os recursos e os empregados ficam sem receber.<\/span><\/p>\n<p><span style=\"font-size: 18px;\">As \u00e1reas que mais contratam terceirizados s\u00e3o Educa\u00e7\u00e3o, Sa\u00fade,Turismo, Esporte (incorporado pelo Minist\u00e9rio da Cidadania) e Integra\u00e7\u00e3o Nacional (agora, Desenvolvimento Regional), al\u00e9m da Secretaria de Comunica\u00e7\u00e3o, absorvida pela Secretaria de Governo.<\/span><\/p>\n<p><span style=\"font-size: 18px;\">Est\u00e3o na mira terceirizados que trabalham \u00e1reas como limpeza, secretarias, manuten\u00e7\u00e3o, preven\u00e7\u00e3o, transporte e vigil\u00e2ncia. O novo governo acredita que h\u00e1 muita coisa errada nos contratos, sobretudo por causa do excesso de aditivos, v\u00e1rios deles\u00a0 com vig\u00eancia at\u00e9 julho de 2019.<\/span><\/p>\n<p><span style=\"font-size: 18px;\">A maior parte dos contratos, diz um integrante do governo, passou por um amplo pente fino nos \u00faltimos dois meses. \u201cN\u00e3o h\u00e1 necessidade de tantos gastos. Podemos reduzir significativamente esse valor anual de R$ 25 bilh\u00f5es\u201d, ressalta um t\u00e9cnico da equipe do ministro da Economia, Paulo Guedes.<\/span><\/p>\n<p><span style=\"font-size: 18px;\">Por conta da decis\u00e3o do governo, o clima est\u00e1 pesado na Esplanada. Muitos acreditam que a mesma regra de redu\u00e7\u00e3o de terceirizados deve valer para os ocupantes de cargos de DAS, sobretudo os de valores mais altos (n\u00edveis 5 e 6), que poder\u00e3o, agora, ser ocupados por servidores de carreira.<\/span><\/p>\n<p style=\"text-align: right;\"><span style=\"color: #ff0000;\"><em>Fonte: Correio Braziliense\u00a0 \/ Blog do Vicente<\/em><\/span><\/p>\n<hr \/>\n<p style=\"text-align: center;\"><span style=\"color: #ff0000;\"><strong>SindesvDF<\/strong> <\/span>&#8211; <em>Sempre Vigilante em Defesa da Categoria<\/em><\/p>\n<p class=\"wpf_wrapper\"><a class=\"print_link\" href=\"\" target=\"_blank\">Preparar para impress\u00e3o<\/a><\/p><!-- .wpf_wrapper -->","protected":false},"excerpt":{"rendered":"<p>Na tentativa de reduzir custos e acelerar o ajuste fiscal, o governo de Jair Bolsonaro determinou que todos os minist\u00e9rios&hellip; <\/p>\n","protected":false},"author":1,"featured_media":0,"comment_status":"closed","ping_status":"closed","sticky":false,"template":"","format":"standard","meta":{"footnotes":""},"categories":[7],"tags":[],"class_list":["post-12105","post","type-post","status-publish","format-standard","hentry","category-noticias"],"jetpack_featured_media_url":"","_links":{"self":[{"href":"https:\/\/sindesvdf.com.br\/news\/wp-json\/wp\/v2\/posts\/12105","targetHints":{"allow":["GET"]}}],"collection":[{"href":"https:\/\/sindesvdf.com.br\/news\/wp-json\/wp\/v2\/posts"}],"about":[{"href":"https:\/\/sindesvdf.com.br\/news\/wp-json\/wp\/v2\/types\/post"}],"author":[{"embeddable":true,"href":"https:\/\/sindesvdf.com.br\/news\/wp-json\/wp\/v2\/users\/1"}],"replies":[{"embeddable":true,"href":"https:\/\/sindesvdf.com.br\/news\/wp-json\/wp\/v2\/comments?post=12105"}],"version-history":[{"count":2,"href":"https:\/\/sindesvdf.com.br\/news\/wp-json\/wp\/v2\/posts\/12105\/revisions"}],"predecessor-version":[{"id":12108,"href":"https:\/\/sindesvdf.com.br\/news\/wp-json\/wp\/v2\/posts\/12105\/revisions\/12108"}],"wp:attachment":[{"href":"https:\/\/sindesvdf.com.br\/news\/wp-json\/wp\/v2\/media?parent=12105"}],"wp:term":[{"taxonomy":"category","embeddable":true,"href":"https:\/\/sindesvdf.com.br\/news\/wp-json\/wp\/v2\/categories?post=12105"},{"taxonomy":"post_tag","embeddable":true,"href":"https:\/\/sindesvdf.com.br\/news\/wp-json\/wp\/v2\/tags?post=12105"}],"curies":[{"name":"wp","href":"https:\/\/api.w.org\/{rel}","templated":true}]}}