{"id":12110,"date":"2019-01-07T13:04:07","date_gmt":"2019-01-07T15:04:07","guid":{"rendered":"http:\/\/sindesvdf.com.br\/news\/?p=12110"},"modified":"2019-01-07T14:59:03","modified_gmt":"2019-01-07T16:59:03","slug":"regivaldo-nascimento-vice-presidente-do-sindesv-df-presente","status":"publish","type":"post","link":"https:\/\/sindesvdf.com.br\/news\/regivaldo-nascimento-vice-presidente-do-sindesv-df-presente\/","title":{"rendered":"Regivaldo Nascimento \u2013 Vice-Presidente do SINDESV-DF presente!"},"content":{"rendered":"<p><img loading=\"lazy\" decoding=\"async\" class=\"size-medium wp-image-12114 alignleft\" src=\"http:\/\/sindesvdf.com.br\/news\/wp-content\/uploads\/2019\/01\/Regivaldo-3-272x300.png\" alt=\"\" width=\"272\" height=\"300\" srcset=\"https:\/\/sindesvdf.com.br\/news\/wp-content\/uploads\/2019\/01\/Regivaldo-3-272x300.png 272w, https:\/\/sindesvdf.com.br\/news\/wp-content\/uploads\/2019\/01\/Regivaldo-3-768x846.png 768w, https:\/\/sindesvdf.com.br\/news\/wp-content\/uploads\/2019\/01\/Regivaldo-3-717x790.png 717w, https:\/\/sindesvdf.com.br\/news\/wp-content\/uploads\/2019\/01\/Regivaldo-3-136x150.png 136w, https:\/\/sindesvdf.com.br\/news\/wp-content\/uploads\/2019\/01\/Regivaldo-3.png 1504w\" sizes=\"auto, (max-width: 272px) 100vw, 272px\" \/><\/p>\n<p><span style=\"font-size: 18px;\">Durante quatro mandatos, Regivaldo Nascimento foi diretor do jur\u00eddico do SINDESV-DF sempre comparecendo \u00e0s audi\u00eancias para defender direitos individuais ou coletivos da categoria. Ganhou profundo conhecimento nessa \u00e1rea, acumulando informa\u00e7\u00f5es e estudos para ajudar os advogados e demais funcion\u00e1rios do setor no que fosse preciso para que o vigilante sa\u00edsse vitorioso de sua demanda. Dedicado, discreto e de fala mansa, atuava de forma digna e exemplar executando suas fun\u00e7\u00f5es na dire\u00e7\u00e3o do Sindicato sempre buscando o que era melhor para os trabalhadores e as trabalhadoras.<\/span><\/p>\n<p><span style=\"font-size: 18px;\">Neste mandato, Regivaldo assumiu a vice-presid\u00eancia do SINDESV-DF, mas continuou atuando no jur\u00eddico do Sindicato e tamb\u00e9m como diretor da CNTV-Confedera\u00e7\u00e3o Nacional dos Vigilantes.<\/span><\/p>\n<p><span style=\"font-size: 18px;\">A dire\u00e7\u00e3o do Sindicato est\u00e1 \u00f3rf\u00e3 de um grande companheiro e amigo e sabe o quanto ele far\u00e1 falta tanto em sua luta di\u00e1ria na entidade, como tamb\u00e9m para sua fam\u00edlia, pois era um pai amoroso e sempre presente na vida das filhas.<\/span><\/p>\n<p><span style=\"font-size: 18px;\">Sua luta jamais ser\u00e1 esquecida e estar\u00e1 sempre presente nas conquistas da categoria, as passadas e as vindouras, pois voc\u00ea, Regivaldo,\u00a0 sempre foi um exemplo de sindicalista, uma pessoa do bem, uma pessoa de muita f\u00e9 e que nos deixa precocemente. Que Deus o receba, amigo Regivaldo.<\/span><\/p>\n<p>&nbsp;<\/p>\n<p class=\"wpf_wrapper\"><a class=\"print_link\" href=\"\" target=\"_blank\">Preparar para impress\u00e3o<\/a><\/p><!-- .wpf_wrapper -->","protected":false},"excerpt":{"rendered":"<p>Durante quatro mandatos, Regivaldo Nascimento foi diretor do jur\u00eddico do SINDESV-DF sempre comparecendo \u00e0s audi\u00eancias para defender direitos individuais ou&hellip; <\/p>\n","protected":false},"author":1,"featured_media":0,"comment_status":"closed","ping_status":"closed","sticky":false,"template":"","format":"standard","meta":{"footnotes":""},"categories":[7],"tags":[],"class_list":["post-12110","post","type-post","status-publish","format-standard","hentry","category-noticias"],"jetpack_featured_media_url":"","_links":{"self":[{"href":"https:\/\/sindesvdf.com.br\/news\/wp-json\/wp\/v2\/posts\/12110","targetHints":{"allow":["GET"]}}],"collection":[{"href":"https:\/\/sindesvdf.com.br\/news\/wp-json\/wp\/v2\/posts"}],"about":[{"href":"https:\/\/sindesvdf.com.br\/news\/wp-json\/wp\/v2\/types\/post"}],"author":[{"embeddable":true,"href":"https:\/\/sindesvdf.com.br\/news\/wp-json\/wp\/v2\/users\/1"}],"replies":[{"embeddable":true,"href":"https:\/\/sindesvdf.com.br\/news\/wp-json\/wp\/v2\/comments?post=12110"}],"version-history":[{"count":4,"href":"https:\/\/sindesvdf.com.br\/news\/wp-json\/wp\/v2\/posts\/12110\/revisions"}],"predecessor-version":[{"id":12116,"href":"https:\/\/sindesvdf.com.br\/news\/wp-json\/wp\/v2\/posts\/12110\/revisions\/12116"}],"wp:attachment":[{"href":"https:\/\/sindesvdf.com.br\/news\/wp-json\/wp\/v2\/media?parent=12110"}],"wp:term":[{"taxonomy":"category","embeddable":true,"href":"https:\/\/sindesvdf.com.br\/news\/wp-json\/wp\/v2\/categories?post=12110"},{"taxonomy":"post_tag","embeddable":true,"href":"https:\/\/sindesvdf.com.br\/news\/wp-json\/wp\/v2\/tags?post=12110"}],"curies":[{"name":"wp","href":"https:\/\/api.w.org\/{rel}","templated":true}]}}