{"id":12126,"date":"2019-01-08T13:53:19","date_gmt":"2019-01-08T15:53:19","guid":{"rendered":"http:\/\/sindesvdf.com.br\/news\/?p=12126"},"modified":"2019-01-08T13:53:19","modified_gmt":"2019-01-08T15:53:19","slug":"herdeiros-de-trabalhador-falecido-durante-processo-de-aposentadoria-podem-receber-valores-atrasados","status":"publish","type":"post","link":"https:\/\/sindesvdf.com.br\/news\/herdeiros-de-trabalhador-falecido-durante-processo-de-aposentadoria-podem-receber-valores-atrasados\/","title":{"rendered":"Herdeiros de trabalhador falecido durante processo de aposentadoria podem receber valores atrasados"},"content":{"rendered":"<p><img loading=\"lazy\" decoding=\"async\" class=\"size-full wp-image-12127 aligncenter\" src=\"http:\/\/sindesvdf.com.br\/news\/wp-content\/uploads\/2019\/01\/herdeiros.png\" alt=\"\" width=\"700\" height=\"400\" srcset=\"https:\/\/sindesvdf.com.br\/news\/wp-content\/uploads\/2019\/01\/herdeiros.png 700w, https:\/\/sindesvdf.com.br\/news\/wp-content\/uploads\/2019\/01\/herdeiros-300x171.png 300w, https:\/\/sindesvdf.com.br\/news\/wp-content\/uploads\/2019\/01\/herdeiros-150x86.png 150w, https:\/\/sindesvdf.com.br\/news\/wp-content\/uploads\/2019\/01\/herdeiros-250x143.png 250w\" sizes=\"auto, (max-width: 700px) 100vw, 700px\" \/><\/p>\n<p><span style=\"font-size: 18px;\">A 2\u00aa Turma do Tribunal Regional Federal da 1\u00aa Regi\u00e3o (TRF1) reconheceu o direito dos herdeiros de um trabalhador rural que faleceu no curso do processo de receberem o benef\u00edcio previdenci\u00e1rio de aposentadoria por idade de trabalhador rural ao pagamento dos cr\u00e9ditos retroativos desde a data da cita\u00e7\u00e3o at\u00e9 a data do \u00f3bito. Na 1\u00aa Inst\u00e2ncia, diante do falecimento do autor, o processo foi extinto sem a resolu\u00e7\u00e3o do m\u00e9rito.<\/span><\/p>\n<p><span style=\"font-size: 18px;\">Em suas raz\u00f5es de recurso, as partes-sucessoras alegaram que j\u00e1 teriam comprovado a qualidade de segurada especial, conforme documenta\u00e7\u00e3o constante nos autos.<\/span><\/p>\n<p><span style=\"font-size: 18px;\">Ao analisar o caso, o relator, desembargador federal Jo\u00e3o Luiz de Sousa, constatou que o autor atingiu a idade m\u00ednima e cumpriu o per\u00edodo equivalente ao prazo de car\u00eancia exigido em lei. \u201cO in\u00edcio razo\u00e1vel de prova material, representado pelos documentos catalogados \u00e0 inaugural, corroborado por prova testemunhal id\u00f4nea e inequ\u00edvoca, comprova a condi\u00e7\u00e3o de segurada especial da parte-autora\u201d, afirmou o magistrado.<\/span><\/p>\n<p><span style=\"font-size: 18px;\">O magistrado ressaltou ainda que, diante do falecimento do trabalhador durante a tramita\u00e7\u00e3o do processo, devem ser habilitados os seus sucessores, nos termos dos arts.\u00a0<a class=\"cite\" title=\"Artigo 687 da Lei n\u00ba 13.105 de 16 de Mar\u00e7o de 2015\" href=\"https:\/\/www.jusbrasil.com.br\/topicos\/28890659\/artigo-687-da-lei-n-13105-de-16-de-marco-de-2015\" rel=\"28890659\">687<\/a>\u00a0a\u00a0<a class=\"cite\" title=\"Artigo 692 da Lei n\u00ba 13.105 de 16 de Mar\u00e7o de 2015\" href=\"https:\/\/www.jusbrasil.com.br\/topicos\/28890643\/artigo-692-da-lei-n-13105-de-16-de-marco-de-2015\" rel=\"28890643\">692<\/a>\u00a0do\u00a0<a class=\"cite\" title=\"LEI N\u00ba 13.105, DE 16 DE MAR\u00c7O DE 2015.\" href=\"https:\/\/www.jusbrasil.com.br\/legislacao\/174276278\/lei-13105-15\" rel=\"28896536\">CPC<\/a>, podendo, inclusive, ser postulado o pagamento das parcelas retroativas at\u00e9 a data do referido \u00f3bito, inclusive a concess\u00e3o de pens\u00e3o por morte aos herdeiros.<\/span><\/p>\n<p style=\"text-align: right;\"><span style=\"color: #ff0000;\"><em>Fonte: JusBrasil<\/em><\/span><\/p>\n<p class=\"wpf_wrapper\"><a class=\"print_link\" href=\"\" target=\"_blank\">Preparar para impress\u00e3o<\/a><\/p><!-- .wpf_wrapper -->","protected":false},"excerpt":{"rendered":"<p>A 2\u00aa Turma do Tribunal Regional Federal da 1\u00aa Regi\u00e3o (TRF1) reconheceu o direito dos herdeiros de um trabalhador rural&hellip; <\/p>\n","protected":false},"author":1,"featured_media":0,"comment_status":"closed","ping_status":"closed","sticky":false,"template":"","format":"standard","meta":{"footnotes":""},"categories":[7],"tags":[],"class_list":["post-12126","post","type-post","status-publish","format-standard","hentry","category-noticias"],"jetpack_featured_media_url":"","_links":{"self":[{"href":"https:\/\/sindesvdf.com.br\/news\/wp-json\/wp\/v2\/posts\/12126","targetHints":{"allow":["GET"]}}],"collection":[{"href":"https:\/\/sindesvdf.com.br\/news\/wp-json\/wp\/v2\/posts"}],"about":[{"href":"https:\/\/sindesvdf.com.br\/news\/wp-json\/wp\/v2\/types\/post"}],"author":[{"embeddable":true,"href":"https:\/\/sindesvdf.com.br\/news\/wp-json\/wp\/v2\/users\/1"}],"replies":[{"embeddable":true,"href":"https:\/\/sindesvdf.com.br\/news\/wp-json\/wp\/v2\/comments?post=12126"}],"version-history":[{"count":1,"href":"https:\/\/sindesvdf.com.br\/news\/wp-json\/wp\/v2\/posts\/12126\/revisions"}],"predecessor-version":[{"id":12128,"href":"https:\/\/sindesvdf.com.br\/news\/wp-json\/wp\/v2\/posts\/12126\/revisions\/12128"}],"wp:attachment":[{"href":"https:\/\/sindesvdf.com.br\/news\/wp-json\/wp\/v2\/media?parent=12126"}],"wp:term":[{"taxonomy":"category","embeddable":true,"href":"https:\/\/sindesvdf.com.br\/news\/wp-json\/wp\/v2\/categories?post=12126"},{"taxonomy":"post_tag","embeddable":true,"href":"https:\/\/sindesvdf.com.br\/news\/wp-json\/wp\/v2\/tags?post=12126"}],"curies":[{"name":"wp","href":"https:\/\/api.w.org\/{rel}","templated":true}]}}