{"id":12133,"date":"2019-01-09T13:42:50","date_gmt":"2019-01-09T15:42:50","guid":{"rendered":"http:\/\/sindesvdf.com.br\/news\/?p=12133"},"modified":"2019-01-09T14:08:06","modified_gmt":"2019-01-09T16:08:06","slug":"campanha-salarial-2019-venha-para-a-assembleia-geral","status":"publish","type":"post","link":"https:\/\/sindesvdf.com.br\/news\/campanha-salarial-2019-venha-para-a-assembleia-geral\/","title":{"rendered":"Campanha Salarial 2019 &#8211; Venha para a Assembleia Geral"},"content":{"rendered":"<p><img loading=\"lazy\" decoding=\"async\" class=\"aligncenter wp-image-12117 size-full\" src=\"http:\/\/sindesvdf.com.br\/news\/wp-content\/uploads\/2019\/01\/campanha-salarial.png\" alt=\"\" width=\"700\" height=\"400\" srcset=\"https:\/\/sindesvdf.com.br\/news\/wp-content\/uploads\/2019\/01\/campanha-salarial.png 700w, https:\/\/sindesvdf.com.br\/news\/wp-content\/uploads\/2019\/01\/campanha-salarial-300x171.png 300w, https:\/\/sindesvdf.com.br\/news\/wp-content\/uploads\/2019\/01\/campanha-salarial-150x86.png 150w, https:\/\/sindesvdf.com.br\/news\/wp-content\/uploads\/2019\/01\/campanha-salarial-250x143.png 250w\" sizes=\"auto, (max-width: 700px) 100vw, 700px\" \/><\/p>\n<p class=\"m7473482693306644368ydp5cf2437cmsonormal\" style=\"background: white;\"><span style=\"font-family: Helvetica, sans-serif; color: #222222; font-size: 18px;\">Derrotar a reforma trabalhista em nossa Conven\u00e7\u00e3o Coletiva de Trabalho e avan\u00e7ar em nossas reivindica\u00e7\u00f5es s\u00e3o tarefas de todos n\u00f3s e, para isso \u00e9 fundamental a mobiliza\u00e7\u00e3o e participa\u00e7\u00e3o de todos e todas nas convoca\u00e7\u00f5es do Sindicato. Com a categoria unida, estaremos mais fortalecidos e preparados para os embates.<\/span><\/p>\n<p class=\"m7473482693306644368ydp5cf2437cmsonormal\" style=\"background: white; font-variant-ligatures: normal; font-variant-caps: normal; orphans: 2; text-align: start; widows: 2; -webkit-text-stroke-width: 0px; text-decoration-style: initial; text-decoration-color: initial; word-spacing: 0px;\"><span style=\"font-family: Helvetica, sans-serif; color: #222222; font-size: 18px;\">Desde o dia 26\/12 estamos em negocia\u00e7\u00e3o com o Sindicato Patronal e esperamos que at\u00e9 a pr\u00f3xima Assembleia Geral, dia 17\/01, possamos apresentar uma proposta aos vigilantes para ser analisada pelos presentes.<\/span><\/p>\n<p class=\"m7473482693306644368ydp5cf2437cmsonormal\" style=\"background: white; font-variant-ligatures: normal; font-variant-caps: normal; orphans: 2; text-align: start; widows: 2; -webkit-text-stroke-width: 0px; text-decoration-style: initial; text-decoration-color: initial; word-spacing: 0px;\"><span style=\"font-family: Helvetica, sans-serif; color: #222222; font-size: 18px;\">Comparecer \u00e0 assembleia \u00e9 uma demonstra\u00e7\u00e3o de interesse pela campanha salarial e disposi\u00e7\u00e3o de luta da categoria e \u00e9 dessa unidade que tiraremos for\u00e7a para enfrentar os obst\u00e1culos e as tentativas de retrocesso que os patr\u00f5es querem impor.<\/span><\/p>\n<p class=\"m7473482693306644368ydp5cf2437cmsonormal\" style=\"background: white; font-variant-ligatures: normal; font-variant-caps: normal; orphans: 2; text-align: start; widows: 2; -webkit-text-stroke-width: 0px; text-decoration-style: initial; text-decoration-color: initial; word-spacing: 0px;\"><span style=\"font-family: Helvetica, sans-serif; color: #222222; font-size: 18px;\">Contamos com a sua participa\u00e7\u00e3o.<\/span><\/p>\n<p><img loading=\"lazy\" decoding=\"async\" class=\"aligncenter wp-image-12136 size-full\" src=\"http:\/\/sindesvdf.com.br\/news\/wp-content\/uploads\/2019\/01\/site.png\" alt=\"\" width=\"600\" height=\"600\" srcset=\"https:\/\/sindesvdf.com.br\/news\/wp-content\/uploads\/2019\/01\/site.png 600w, https:\/\/sindesvdf.com.br\/news\/wp-content\/uploads\/2019\/01\/site-150x150.png 150w, https:\/\/sindesvdf.com.br\/news\/wp-content\/uploads\/2019\/01\/site-300x300.png 300w\" sizes=\"auto, (max-width: 600px) 100vw, 600px\" \/><\/p>\n<p class=\"wpf_wrapper\"><a class=\"print_link\" href=\"\" target=\"_blank\">Preparar para impress\u00e3o<\/a><\/p><!-- .wpf_wrapper -->","protected":false},"excerpt":{"rendered":"<p>Derrotar a reforma trabalhista em nossa Conven\u00e7\u00e3o Coletiva de Trabalho e avan\u00e7ar em nossas reivindica\u00e7\u00f5es s\u00e3o tarefas de todos n\u00f3s&hellip; <\/p>\n","protected":false},"author":1,"featured_media":0,"comment_status":"closed","ping_status":"closed","sticky":false,"template":"","format":"standard","meta":{"footnotes":""},"categories":[7],"tags":[],"class_list":["post-12133","post","type-post","status-publish","format-standard","hentry","category-noticias"],"jetpack_featured_media_url":"","_links":{"self":[{"href":"https:\/\/sindesvdf.com.br\/news\/wp-json\/wp\/v2\/posts\/12133","targetHints":{"allow":["GET"]}}],"collection":[{"href":"https:\/\/sindesvdf.com.br\/news\/wp-json\/wp\/v2\/posts"}],"about":[{"href":"https:\/\/sindesvdf.com.br\/news\/wp-json\/wp\/v2\/types\/post"}],"author":[{"embeddable":true,"href":"https:\/\/sindesvdf.com.br\/news\/wp-json\/wp\/v2\/users\/1"}],"replies":[{"embeddable":true,"href":"https:\/\/sindesvdf.com.br\/news\/wp-json\/wp\/v2\/comments?post=12133"}],"version-history":[{"count":7,"href":"https:\/\/sindesvdf.com.br\/news\/wp-json\/wp\/v2\/posts\/12133\/revisions"}],"predecessor-version":[{"id":12141,"href":"https:\/\/sindesvdf.com.br\/news\/wp-json\/wp\/v2\/posts\/12133\/revisions\/12141"}],"wp:attachment":[{"href":"https:\/\/sindesvdf.com.br\/news\/wp-json\/wp\/v2\/media?parent=12133"}],"wp:term":[{"taxonomy":"category","embeddable":true,"href":"https:\/\/sindesvdf.com.br\/news\/wp-json\/wp\/v2\/categories?post=12133"},{"taxonomy":"post_tag","embeddable":true,"href":"https:\/\/sindesvdf.com.br\/news\/wp-json\/wp\/v2\/tags?post=12133"}],"curies":[{"name":"wp","href":"https:\/\/api.w.org\/{rel}","templated":true}]}}