{"id":12150,"date":"2019-01-10T15:08:16","date_gmt":"2019-01-10T17:08:16","guid":{"rendered":"http:\/\/sindesvdf.com.br\/news\/?p=12150"},"modified":"2019-01-10T15:08:16","modified_gmt":"2019-01-10T17:08:16","slug":"com-promessa-de-gerar-emprego-ibaneis-quer-reduzir-em-25-despesas-com-terceirizados","status":"publish","type":"post","link":"https:\/\/sindesvdf.com.br\/news\/com-promessa-de-gerar-emprego-ibaneis-quer-reduzir-em-25-despesas-com-terceirizados\/","title":{"rendered":"Com promessa de gerar emprego, Ibaneis quer reduzir em 25% despesas com terceirizados"},"content":{"rendered":"<p><img loading=\"lazy\" decoding=\"async\" class=\"size-full wp-image-12151 aligncenter\" src=\"http:\/\/sindesvdf.com.br\/news\/wp-content\/uploads\/2019\/01\/contratos2.png\" alt=\"\" width=\"700\" height=\"400\" srcset=\"https:\/\/sindesvdf.com.br\/news\/wp-content\/uploads\/2019\/01\/contratos2.png 700w, https:\/\/sindesvdf.com.br\/news\/wp-content\/uploads\/2019\/01\/contratos2-300x171.png 300w, https:\/\/sindesvdf.com.br\/news\/wp-content\/uploads\/2019\/01\/contratos2-150x86.png 150w, https:\/\/sindesvdf.com.br\/news\/wp-content\/uploads\/2019\/01\/contratos2-250x143.png 250w\" sizes=\"auto, (max-width: 700px) 100vw, 700px\" \/><\/p>\n<p class=\"m_-947554621825362830ydpfb7216e9MsoNormal\"><span style=\"font-size: 18px;\">Quando governos assumem e falam que v\u00e3o reduzir despesas, o primeiro alvo deles s\u00e3o os trabalhadores terceirizados. E \u00e9 exatamente isto que o rec\u00e9m empossado governador do DF, Ibaneis Rocha, quer fazer atrav\u00e9s de Decreto que ser\u00e1 publicado no Di\u00e1rio Oficial do DF de hoje com circula\u00e7\u00e3o amanh\u00e3, sexta, 11\/01, onde determina a redu\u00e7\u00e3o de despesas dos contratos com empresas de servi\u00e7os terceirizados vigentes em 25% em todos os \u00f3rg\u00e3os da administra\u00e7\u00e3o direta, aut\u00e1rquica e fundacional, incluindo as empresas estatais (CEB, Novacap, Caesb, Terracap, Metr\u00f4, entre outras). Durante a campanha ele falou em gerar empregos e j\u00e1 come\u00e7a o mandato com amea\u00e7as de demiss\u00e3o.<\/span><\/p>\n<p class=\"m_-947554621825362830ydpfb7216e9MsoNormal\"><span style=\"font-size: 18px;\">Todos n\u00f3s sabemos que a redu\u00e7\u00e3o em contratos implica em demiss\u00e3o de trabalhadores terceirizados. No caso dos vigilantes, o quadro est\u00e1 bem reduzido e isto tem implicado em morte de trabalhador que em muitos postos de servi\u00e7o trabalha sozinho, sem o apoio de um colega para dar cobertura em caso de ataque de bandidos. J\u00e1 morreu vigilante do Metr\u00f4, de escola p\u00fablica, da CEB, de UPA e de outros locais.<\/span><\/p>\n<p class=\"m_-947554621825362830ydpfb7216e9MsoNormal\"><span style=\"font-size: 18px;\">O Sindicato dos Vigilantes repudia mais esse ataque ao emprego dos terceirizados. Vamos buscar todas as medidas cab\u00edveis para enfrentar essas medidas que o GDF pretende adotar que, al\u00e9m de piorar a qualidade dos servi\u00e7os prestados \u00e0 popula\u00e7\u00e3o, tamb\u00e9m coloca em risco a vida de trabalhadores e trabalhadoras.<\/span><\/p>\n<p class=\"m_-947554621825362830ydpfb7216e9MsoNormal\"><span style=\"font-size: 18px;\">Tamb\u00e9m buscaremos apoio na C\u00e2mara Legislativa e estamos preparados para mais essa luta em defesa do emprego dos vigilantes.\u00a0<\/span><\/p>\n<p class=\"wpf_wrapper\"><a class=\"print_link\" href=\"\" target=\"_blank\">Preparar para impress\u00e3o<\/a><\/p><!-- .wpf_wrapper -->","protected":false},"excerpt":{"rendered":"<p>Quando governos assumem e falam que v\u00e3o reduzir despesas, o primeiro alvo deles s\u00e3o os trabalhadores terceirizados. E \u00e9 exatamente&hellip; <\/p>\n","protected":false},"author":1,"featured_media":0,"comment_status":"closed","ping_status":"closed","sticky":false,"template":"","format":"standard","meta":{"footnotes":""},"categories":[7],"tags":[],"class_list":["post-12150","post","type-post","status-publish","format-standard","hentry","category-noticias"],"jetpack_featured_media_url":"","_links":{"self":[{"href":"https:\/\/sindesvdf.com.br\/news\/wp-json\/wp\/v2\/posts\/12150","targetHints":{"allow":["GET"]}}],"collection":[{"href":"https:\/\/sindesvdf.com.br\/news\/wp-json\/wp\/v2\/posts"}],"about":[{"href":"https:\/\/sindesvdf.com.br\/news\/wp-json\/wp\/v2\/types\/post"}],"author":[{"embeddable":true,"href":"https:\/\/sindesvdf.com.br\/news\/wp-json\/wp\/v2\/users\/1"}],"replies":[{"embeddable":true,"href":"https:\/\/sindesvdf.com.br\/news\/wp-json\/wp\/v2\/comments?post=12150"}],"version-history":[{"count":1,"href":"https:\/\/sindesvdf.com.br\/news\/wp-json\/wp\/v2\/posts\/12150\/revisions"}],"predecessor-version":[{"id":12152,"href":"https:\/\/sindesvdf.com.br\/news\/wp-json\/wp\/v2\/posts\/12150\/revisions\/12152"}],"wp:attachment":[{"href":"https:\/\/sindesvdf.com.br\/news\/wp-json\/wp\/v2\/media?parent=12150"}],"wp:term":[{"taxonomy":"category","embeddable":true,"href":"https:\/\/sindesvdf.com.br\/news\/wp-json\/wp\/v2\/categories?post=12150"},{"taxonomy":"post_tag","embeddable":true,"href":"https:\/\/sindesvdf.com.br\/news\/wp-json\/wp\/v2\/tags?post=12150"}],"curies":[{"name":"wp","href":"https:\/\/api.w.org\/{rel}","templated":true}]}}