{"id":12159,"date":"2019-01-11T20:46:41","date_gmt":"2019-01-11T22:46:41","guid":{"rendered":"http:\/\/sindesvdf.com.br\/news\/?p=12159"},"modified":"2019-01-11T20:46:41","modified_gmt":"2019-01-11T22:46:41","slug":"atencao-vigilantes-da-ipanema-que-prestam-servico-em-hospitais-upas-e-postos-de-saude-de-samambaia-sobradinho-taguatinga-e-planaltina","status":"publish","type":"post","link":"https:\/\/sindesvdf.com.br\/news\/atencao-vigilantes-da-ipanema-que-prestam-servico-em-hospitais-upas-e-postos-de-saude-de-samambaia-sobradinho-taguatinga-e-planaltina\/","title":{"rendered":"Aten\u00e7\u00e3o Vigilantes da Ipanema que prestam servi\u00e7o em hospitais, Upas e Postos de Sa\u00fade de Samambaia, Sobradinho, Taguatinga e Planaltina"},"content":{"rendered":"<figure id=\"attachment_12160\" aria-describedby=\"caption-attachment-12160\" style=\"width: 600px\" class=\"wp-caption aligncenter\"><img loading=\"lazy\" decoding=\"async\" class=\"wp-image-12160 size-full\" src=\"http:\/\/sindesvdf.com.br\/news\/wp-content\/uploads\/2019\/01\/Ipanema.png\" alt=\"\" width=\"600\" height=\"600\" srcset=\"https:\/\/sindesvdf.com.br\/news\/wp-content\/uploads\/2019\/01\/Ipanema.png 600w, https:\/\/sindesvdf.com.br\/news\/wp-content\/uploads\/2019\/01\/Ipanema-150x150.png 150w, https:\/\/sindesvdf.com.br\/news\/wp-content\/uploads\/2019\/01\/Ipanema-300x300.png 300w\" sizes=\"auto, (max-width: 600px) 100vw, 600px\" \/><figcaption id=\"caption-attachment-12160\" class=\"wp-caption-text\">Se o pagamento n\u00e3o sair at\u00e9 as 18h de segunda, 14\/01, vamos paralisar na ter\u00e7a, dia 15\/01, a partir das 07h<\/figcaption><\/figure>\n<p><span style=\"font-size: 18px;\">Mais uma vez os vigilantes s\u00e3o v\u00edtimas de calote por parte de seus empregadores. Desta vez \u00e9 a Ipanema que n\u00e3o pagou os sal\u00e1rios para os vigilantes que prestam servi\u00e7o em hospitais, postos de sa\u00fade e upas de Samambaia, Sobradinho, Taguatinga e Planaltina. <\/span><\/p>\n<p><span style=\"font-size: 18px;\">Uma situa\u00e7\u00e3o inaceit\u00e1vel e que merece toda a nossa luta para defender os direitos dos empregados, pois trabalhar e n\u00e3o receber \u00e9 um grande desrespeito ao trabalhador que tem contas para pagar e uma fam\u00edlia para sustentar.<\/span><\/p>\n<p><span style=\"font-size: 18px;\">Se o pagamento n\u00e3o sair at\u00e9 as 18 horas de segunda feira, dia 14\/01, iremos paralisar as atividades nos postos de servi\u00e7o dessas cidades. A concentra\u00e7\u00e3o ser\u00e1 no hospital de sua cidade a partir das 07 horas da manh\u00e3, dia 15\/01, ter\u00e7a-feira.<\/span><\/p>\n<p><span style=\"font-size: 18px;\">Venham para a luta junto com o Sindicato para cobrar da empresa Ipanema o pagamento imediato de seus sal\u00e1rios.<\/span><\/p>\n<p class=\"wpf_wrapper\"><a class=\"print_link\" href=\"\" target=\"_blank\">Preparar para impress\u00e3o<\/a><\/p><!-- .wpf_wrapper -->","protected":false},"excerpt":{"rendered":"<p>Mais uma vez os vigilantes s\u00e3o v\u00edtimas de calote por parte de seus empregadores. Desta vez \u00e9 a Ipanema que&hellip; <\/p>\n","protected":false},"author":1,"featured_media":0,"comment_status":"closed","ping_status":"closed","sticky":false,"template":"","format":"standard","meta":{"footnotes":""},"categories":[7],"tags":[],"class_list":["post-12159","post","type-post","status-publish","format-standard","hentry","category-noticias"],"jetpack_featured_media_url":"","_links":{"self":[{"href":"https:\/\/sindesvdf.com.br\/news\/wp-json\/wp\/v2\/posts\/12159","targetHints":{"allow":["GET"]}}],"collection":[{"href":"https:\/\/sindesvdf.com.br\/news\/wp-json\/wp\/v2\/posts"}],"about":[{"href":"https:\/\/sindesvdf.com.br\/news\/wp-json\/wp\/v2\/types\/post"}],"author":[{"embeddable":true,"href":"https:\/\/sindesvdf.com.br\/news\/wp-json\/wp\/v2\/users\/1"}],"replies":[{"embeddable":true,"href":"https:\/\/sindesvdf.com.br\/news\/wp-json\/wp\/v2\/comments?post=12159"}],"version-history":[{"count":1,"href":"https:\/\/sindesvdf.com.br\/news\/wp-json\/wp\/v2\/posts\/12159\/revisions"}],"predecessor-version":[{"id":12161,"href":"https:\/\/sindesvdf.com.br\/news\/wp-json\/wp\/v2\/posts\/12159\/revisions\/12161"}],"wp:attachment":[{"href":"https:\/\/sindesvdf.com.br\/news\/wp-json\/wp\/v2\/media?parent=12159"}],"wp:term":[{"taxonomy":"category","embeddable":true,"href":"https:\/\/sindesvdf.com.br\/news\/wp-json\/wp\/v2\/categories?post=12159"},{"taxonomy":"post_tag","embeddable":true,"href":"https:\/\/sindesvdf.com.br\/news\/wp-json\/wp\/v2\/tags?post=12159"}],"curies":[{"name":"wp","href":"https:\/\/api.w.org\/{rel}","templated":true}]}}