{"id":12163,"date":"2019-01-14T18:22:33","date_gmt":"2019-01-14T20:22:33","guid":{"rendered":"http:\/\/sindesvdf.com.br\/news\/?p=12163"},"modified":"2019-01-14T19:19:39","modified_gmt":"2019-01-14T21:19:39","slug":"sindicato-e-empresas-ipanema-e-aval-se-reunem-na-secretaria-de-saude-para-tratar-do-atraso-de-pagamento","status":"publish","type":"post","link":"https:\/\/sindesvdf.com.br\/news\/sindicato-e-empresas-ipanema-e-aval-se-reunem-na-secretaria-de-saude-para-tratar-do-atraso-de-pagamento\/","title":{"rendered":"Sindicato e Empresas Ipanema e Aval se re\u00fanem na Secretaria de Sa\u00fade para tratar do atraso de pagamento"},"content":{"rendered":"<p><img loading=\"lazy\" decoding=\"async\" class=\"size-full wp-image-12164 aligncenter\" src=\"http:\/\/sindesvdf.com.br\/news\/wp-content\/uploads\/2019\/01\/Secretaria.png\" alt=\"\" width=\"700\" height=\"400\" srcset=\"https:\/\/sindesvdf.com.br\/news\/wp-content\/uploads\/2019\/01\/Secretaria.png 700w, https:\/\/sindesvdf.com.br\/news\/wp-content\/uploads\/2019\/01\/Secretaria-300x171.png 300w, https:\/\/sindesvdf.com.br\/news\/wp-content\/uploads\/2019\/01\/Secretaria-150x86.png 150w, https:\/\/sindesvdf.com.br\/news\/wp-content\/uploads\/2019\/01\/Secretaria-250x143.png 250w\" sizes=\"auto, (max-width: 700px) 100vw, 700px\" \/><\/p>\n<p><span style=\"font-size: 18px;\">Na tarde desta segunda, (14\/01), \u00e0s 15h30, o Sindicato dos Vigilantes participou de uma reuni\u00e3o na Secretaria de Sa\u00fade com a diretora Executiva do Fundo de Sa\u00fade, Dr\u00aa Beatris Gaut\u00e9rio de Lima e tamb\u00e9m com a participa\u00e7\u00e3o das empresas Aval, Ipanema e Visan.<\/span><\/p>\n<p><span style=\"font-size: 18px;\">A reuni\u00e3o foi marcada pelo tomador de servi\u00e7o diante da convoca\u00e7\u00e3o feita pelo SINDESV-DF de paralisa\u00e7\u00e3o das atividades em postos de servi\u00e7o da Secretaria de Sa\u00fade das empresas Aval e Ipanema por conta do atraso do pagamento. Com a preocupa\u00e7\u00e3o de garantir os servi\u00e7os de vigil\u00e2ncia, que a Diretora Executiva considera essencial, ela garantiu que a fatura de outubro ser\u00e1 paga at\u00e9 sexta-feira, (18\/01\/2019), \u00e0s empresas (Ipanema, Aval, Visan e Bras\u00edlia Seguran\u00e7a), afirmando ainda que o \u00f3rg\u00e3o dar\u00e1 prioridade aos contratos de terceirizados, principalmente de vigil\u00e2ncia e limpeza, evitando atrasos no pagamento das faturas.<\/span><\/p>\n<p><span style=\"font-size: 18px;\">O presidente do Sindicato, Paulo Quadros, saiu da reuni\u00e3o mais confiante de que a dire\u00e7\u00e3o executiva do Fundo de Sa\u00fade vai priorizar os pagamentos das faturas, evitando assim atraso no pagamento dos sal\u00e1rios dos vigilantes.<\/span><\/p>\n<p><span style=\"font-size: 18px;\">Tamb\u00e9m \u00e9 relevante lembrar a import\u00e2ncia da atividade de seguran\u00e7a privada e ao recorrermos de nosso maior instrumento de press\u00e3o, a paralisa\u00e7\u00e3o, para defender os direitos da categoria, imediatamente foram tomadas as devidas provid\u00eancias, esperando que a promessa de pagamento das faturas at\u00e9 sexta-feira, (18\/01), seja integralmente cumprida.<\/span><\/p>\n<p class=\"wpf_wrapper\"><a class=\"print_link\" href=\"\" target=\"_blank\">Preparar para impress\u00e3o<\/a><\/p><!-- .wpf_wrapper -->","protected":false},"excerpt":{"rendered":"<p>Na tarde desta segunda, (14\/01), \u00e0s 15h30, o Sindicato dos Vigilantes participou de uma reuni\u00e3o na Secretaria de Sa\u00fade com&hellip; <\/p>\n","protected":false},"author":1,"featured_media":0,"comment_status":"closed","ping_status":"closed","sticky":false,"template":"","format":"standard","meta":{"footnotes":""},"categories":[],"tags":[],"class_list":["post-12163","post","type-post","status-publish","format-standard","hentry"],"jetpack_featured_media_url":"","_links":{"self":[{"href":"https:\/\/sindesvdf.com.br\/news\/wp-json\/wp\/v2\/posts\/12163","targetHints":{"allow":["GET"]}}],"collection":[{"href":"https:\/\/sindesvdf.com.br\/news\/wp-json\/wp\/v2\/posts"}],"about":[{"href":"https:\/\/sindesvdf.com.br\/news\/wp-json\/wp\/v2\/types\/post"}],"author":[{"embeddable":true,"href":"https:\/\/sindesvdf.com.br\/news\/wp-json\/wp\/v2\/users\/1"}],"replies":[{"embeddable":true,"href":"https:\/\/sindesvdf.com.br\/news\/wp-json\/wp\/v2\/comments?post=12163"}],"version-history":[{"count":2,"href":"https:\/\/sindesvdf.com.br\/news\/wp-json\/wp\/v2\/posts\/12163\/revisions"}],"predecessor-version":[{"id":12166,"href":"https:\/\/sindesvdf.com.br\/news\/wp-json\/wp\/v2\/posts\/12163\/revisions\/12166"}],"wp:attachment":[{"href":"https:\/\/sindesvdf.com.br\/news\/wp-json\/wp\/v2\/media?parent=12163"}],"wp:term":[{"taxonomy":"category","embeddable":true,"href":"https:\/\/sindesvdf.com.br\/news\/wp-json\/wp\/v2\/categories?post=12163"},{"taxonomy":"post_tag","embeddable":true,"href":"https:\/\/sindesvdf.com.br\/news\/wp-json\/wp\/v2\/tags?post=12163"}],"curies":[{"name":"wp","href":"https:\/\/api.w.org\/{rel}","templated":true}]}}