{"id":12170,"date":"2019-01-15T14:58:33","date_gmt":"2019-01-15T16:58:33","guid":{"rendered":"http:\/\/sindesvdf.com.br\/news\/?p=12170"},"modified":"2019-01-15T15:01:11","modified_gmt":"2019-01-15T17:01:11","slug":"operadores-do-direito-convocam-ato-nacional-em-defesa-da-justica-do-trabalho","status":"publish","type":"post","link":"https:\/\/sindesvdf.com.br\/news\/operadores-do-direito-convocam-ato-nacional-em-defesa-da-justica-do-trabalho\/","title":{"rendered":"Operadores do direito convocam ato nacional em defesa da Justi\u00e7a do Trabalho"},"content":{"rendered":"<p><img loading=\"lazy\" decoding=\"async\" class=\"size-full wp-image-12171 aligncenter\" src=\"http:\/\/sindesvdf.com.br\/news\/wp-content\/uploads\/2019\/01\/JDT.png\" alt=\"\" width=\"700\" height=\"400\" srcset=\"https:\/\/sindesvdf.com.br\/news\/wp-content\/uploads\/2019\/01\/JDT.png 700w, https:\/\/sindesvdf.com.br\/news\/wp-content\/uploads\/2019\/01\/JDT-300x171.png 300w, https:\/\/sindesvdf.com.br\/news\/wp-content\/uploads\/2019\/01\/JDT-150x86.png 150w, https:\/\/sindesvdf.com.br\/news\/wp-content\/uploads\/2019\/01\/JDT-250x143.png 250w\" sizes=\"auto, (max-width: 700px) 100vw, 700px\" \/><\/p>\n<p><span style=\"font-size: 18px;\">Magistrados, procuradores e advogados promovem, no pr\u00f3ximo dia <strong>5 de fevereiro<\/strong>, em Bras\u00edlia, em local a ser confirmado,\u00a0<a href=\"https:\/\/www.anamatra.org.br\/images\/DOCUMENTOS\/2019\/ATO.pdf\">Ato Nacional em Defesa da Justi\u00e7a do Trabalho<\/a>. A mobiliza\u00e7\u00e3o \u00e9 uma realiza\u00e7\u00e3o da Associa\u00e7\u00e3o Nacional dos Magistrados da Justi\u00e7a do Trabalho (Anamatra), em parceria com o Col\u00e9gio de Presidentes e Corregedores dos Tribunais Regionais do Trabalho (Coleprecor), a Associa\u00e7\u00e3o Nacional dos Procuradores do Trabalho (ANPT), a Associa\u00e7\u00e3o Brasileira de Advogados Trabalhistas (Abrat) e o Conselho Federal da Ordem dos Advogados do Brasil (OAB). No portal da\u00a0<a href=\"https:\/\/www.anamatra.org.br\/\">Anamatra<\/a><\/span><\/p>\n<p><img loading=\"lazy\" decoding=\"async\" class=\"aligncenter wp-image-12173 size-full\" src=\"http:\/\/sindesvdf.com.br\/news\/wp-content\/uploads\/2019\/01\/anamatra-ato.jpg\" alt=\"\" width=\"640\" height=\"430\" srcset=\"https:\/\/sindesvdf.com.br\/news\/wp-content\/uploads\/2019\/01\/anamatra-ato.jpg 640w, https:\/\/sindesvdf.com.br\/news\/wp-content\/uploads\/2019\/01\/anamatra-ato-300x202.jpg 300w, https:\/\/sindesvdf.com.br\/news\/wp-content\/uploads\/2019\/01\/anamatra-ato-150x101.jpg 150w, https:\/\/sindesvdf.com.br\/news\/wp-content\/uploads\/2019\/01\/anamatra-ato-223x150.jpg 223w, https:\/\/sindesvdf.com.br\/news\/wp-content\/uploads\/2019\/01\/anamatra-ato-272x182.jpg 272w\" sizes=\"auto, (max-width: 640px) 100vw, 640px\" \/><\/p>\n<p><span style=\"font-size: 18px;\">No edital convocat\u00f3rio publicado, na \u00faltima quarta-feira (9), as 4 institui\u00e7\u00f5es explicam que o evento se baseia nas seguintes considera\u00e7\u00f5es p\u00fablicas:<\/span><\/p>\n<p><span style=\"font-size: 18px;\">1) s\u00e3o falsas as alega\u00e7\u00f5es de que a Justi\u00e7a do Trabalho existe somente no Brasil;<\/span><\/p>\n<p><span style=\"font-size: 18px;\">2) a Justi\u00e7a do Trabalho n\u00e3o deve ser \u201cmedida\u201d pelo que arrecada ou distribui, mas pela pacifica\u00e7\u00e3o social que promove;<\/span><\/p>\n<p><span style=\"font-size: 18px;\">3) a Justi\u00e7a do Trabalho tem previs\u00e3o constitucional e n\u00e3o pode ser suprimida por iniciativa do Executivo ou do Legislativo; e<\/span><\/p>\n<p><span style=\"font-size: 18px;\">4) a supress\u00e3o ou absor\u00e7\u00e3o da Justi\u00e7a do Trabalho representaria grave viola\u00e7\u00e3o \u00e0 cl\u00e1usula constitucional e convencional de veda\u00e7\u00e3o do retrocesso social.<\/span><\/p>\n<p><span style=\"font-size: 18px;\">O juiz Guilherme Feliciano, presidente da Anamatra, explica que o ato servir\u00e1 para explicar a toda a sociedade a inteira import\u00e2ncia da Justi\u00e7a do Trabalho, que \u00e9 patrim\u00f4nio do cidad\u00e3o. \u201cConclamamos todos para esse debate p\u00fablico e estamos abertos ao di\u00e1logo democr\u00e1tico\u201d, afirma.<\/span><\/p>\n<p><span style=\"font-size: 18px;\">A programa\u00e7\u00e3o do ato e o local de sua realiza\u00e7\u00e3o, na capital federal, ser\u00e3o divulgados em breve, informa o portal da Anamatra.<\/span><\/p>\n<p>&nbsp;<\/p>\n<p style=\"text-align: right;\"><em><span style=\"color: #ff0000;\">Fonte: DIAP &#8211; (<span style=\"font-size: 16px;\">DEPARTAMENTO INTERSINDICAL DE ASSESSORIA PARLAMENTAR)<\/span><\/span><\/em><\/p>\n<p>&nbsp;<\/p>\n<p class=\"wpf_wrapper\"><a class=\"print_link\" href=\"\" target=\"_blank\">Preparar para impress\u00e3o<\/a><\/p><!-- .wpf_wrapper -->","protected":false},"excerpt":{"rendered":"<p>Magistrados, procuradores e advogados promovem, no pr\u00f3ximo dia 5 de fevereiro, em Bras\u00edlia, em local a ser confirmado,\u00a0Ato Nacional em&hellip; <\/p>\n","protected":false},"author":1,"featured_media":0,"comment_status":"closed","ping_status":"closed","sticky":false,"template":"","format":"standard","meta":{"footnotes":""},"categories":[7],"tags":[],"class_list":["post-12170","post","type-post","status-publish","format-standard","hentry","category-noticias"],"jetpack_featured_media_url":"","_links":{"self":[{"href":"https:\/\/sindesvdf.com.br\/news\/wp-json\/wp\/v2\/posts\/12170","targetHints":{"allow":["GET"]}}],"collection":[{"href":"https:\/\/sindesvdf.com.br\/news\/wp-json\/wp\/v2\/posts"}],"about":[{"href":"https:\/\/sindesvdf.com.br\/news\/wp-json\/wp\/v2\/types\/post"}],"author":[{"embeddable":true,"href":"https:\/\/sindesvdf.com.br\/news\/wp-json\/wp\/v2\/users\/1"}],"replies":[{"embeddable":true,"href":"https:\/\/sindesvdf.com.br\/news\/wp-json\/wp\/v2\/comments?post=12170"}],"version-history":[{"count":4,"href":"https:\/\/sindesvdf.com.br\/news\/wp-json\/wp\/v2\/posts\/12170\/revisions"}],"predecessor-version":[{"id":12176,"href":"https:\/\/sindesvdf.com.br\/news\/wp-json\/wp\/v2\/posts\/12170\/revisions\/12176"}],"wp:attachment":[{"href":"https:\/\/sindesvdf.com.br\/news\/wp-json\/wp\/v2\/media?parent=12170"}],"wp:term":[{"taxonomy":"category","embeddable":true,"href":"https:\/\/sindesvdf.com.br\/news\/wp-json\/wp\/v2\/categories?post=12170"},{"taxonomy":"post_tag","embeddable":true,"href":"https:\/\/sindesvdf.com.br\/news\/wp-json\/wp\/v2\/tags?post=12170"}],"curies":[{"name":"wp","href":"https:\/\/api.w.org\/{rel}","templated":true}]}}