{"id":12177,"date":"2019-01-15T16:11:39","date_gmt":"2019-01-15T18:11:39","guid":{"rendered":"http:\/\/sindesvdf.com.br\/news\/?p=12177"},"modified":"2019-01-15T16:11:39","modified_gmt":"2019-01-15T18:11:39","slug":"dupla-rende-vigilantes-no-df-e-foge-levando-armas-carro-celulares-e-coletes","status":"publish","type":"post","link":"https:\/\/sindesvdf.com.br\/news\/dupla-rende-vigilantes-no-df-e-foge-levando-armas-carro-celulares-e-coletes\/","title":{"rendered":"Dupla rende vigilantes no DF e foge levando armas, carro, celulares e coletes"},"content":{"rendered":"<p>&nbsp;<\/p>\n<div class=\"mc-column content-text active-extra-styles active-capital-letter\" data-block-type=\"unstyled\" data-block-weight=\"40\" data-block-id=\"2\">\n<figure id=\"attachment_12178\" aria-describedby=\"caption-attachment-12178\" style=\"width: 700px\" class=\"wp-caption aligncenter\"><img loading=\"lazy\" decoding=\"async\" class=\"wp-image-12178 size-full\" src=\"http:\/\/sindesvdf.com.br\/news\/wp-content\/uploads\/2019\/01\/delegacia.png\" alt=\"\" width=\"700\" height=\"400\" srcset=\"https:\/\/sindesvdf.com.br\/news\/wp-content\/uploads\/2019\/01\/delegacia.png 700w, https:\/\/sindesvdf.com.br\/news\/wp-content\/uploads\/2019\/01\/delegacia-300x171.png 300w, https:\/\/sindesvdf.com.br\/news\/wp-content\/uploads\/2019\/01\/delegacia-150x86.png 150w, https:\/\/sindesvdf.com.br\/news\/wp-content\/uploads\/2019\/01\/delegacia-250x143.png 250w\" sizes=\"auto, (max-width: 700px) 100vw, 700px\" \/><figcaption id=\"caption-attachment-12178\" class=\"wp-caption-text\">Assalto foi em uma unidade de acolhimento para crian\u00e7as e adolescentes no Recanto das Emas. Ningu\u00e9m foi preso.<\/figcaption><\/figure>\n<p class=\"content-text__container theme-color-primary-first-letter\" data-track-category=\"Link no Texto\" data-track-links=\"\"><span style=\"font-size: 18px;\">Homens armados invadiram a Unidade de Acolhimento para Crian\u00e7as e Adolescentes do Recanto das Emas, no Distrito Federal, na manh\u00e3 desta ter\u00e7a-feira (15). A dupla rendeu dois vigilantes do local e fugiu levando armas e pertences pessoais. Ningu\u00e9m se feriu.<\/span><\/p>\n<\/div>\n<div class=\"wall protected-content\">\n<div class=\"mc-column content-text active-extra-styles \" data-block-type=\"unstyled\" data-block-weight=\"26\" data-block-id=\"3\">\n<p class=\"content-text__container \" data-track-category=\"Link no Texto\" data-track-links=\"\"><span style=\"font-size: 18px;\">Segundo a Pol\u00edcia Militar, os suspeitos levaram dois rev\u00f3lveres calibre. 38, coletes, celulares e o carro de um funcion\u00e1rio. At\u00e9 as 14h30, ningu\u00e9m tinha sido preso.<\/span><\/p>\n<\/div>\n<div class=\"mc-column content-text active-extra-styles \" data-block-type=\"unstyled\" data-block-weight=\"44\" data-block-id=\"4\">\n<p class=\"content-text__container \" data-track-category=\"Link no Texto\" data-track-links=\"\"><span style=\"font-size: 18px;\">A PM foi acionada e enviou o helic\u00f3ptero para regi\u00e3o. O carro usado na fuga foi localizado em seguida \u2013 o ve\u00edculo estava abandonado no setor de ch\u00e1caras pr\u00f3ximo \u00e0 avenida principal. Dentro dele, os policiais encontraram alguns aparelhos celulares, supostamente provenientes do roubo.<\/span><\/p>\n<\/div>\n<div class=\"mc-column content-text active-extra-styles \" data-block-type=\"unstyled\" data-block-weight=\"36\" data-block-id=\"5\">\n<p class=\"content-text__container \" data-track-category=\"Link no Texto\" data-track-links=\"\"><span style=\"font-size: 18px;\">Na delegacia, as v\u00edtimas disseram \u00e0 pol\u00edcia que foram obrigadas a se deitarem no ch\u00e3o, enquanto eram vigiados por um dos comparsas. Antes de fugir, a dupla tentou trancar os vigilantes em uma sala da unidade.<\/span><\/p>\n<\/div>\n<div class=\"mc-column content-text active-extra-styles \" data-block-type=\"unstyled\" data-block-weight=\"35\" data-block-id=\"6\">\n<p class=\"content-text__container \" data-track-category=\"Link no Texto\" data-track-links=\"\"><span style=\"font-size: 18px;\">A Pol\u00edcia Militar busca os suspeitos. A investiga\u00e7\u00e3o sobre o roubo do armamento ficar\u00e1 a cargo da 27\u00aa DP, na mesma regi\u00e3o. O\u00a0<strong>G1\u00a0<\/strong>n\u00e3o conseguiu contato com a empresa respons\u00e1vel pela seguran\u00e7a da unidade.<\/span><\/p>\n<\/div>\n<div data-track-category=\"multicontent\" data-track-action=\"ultimo chunk conteudo\" data-track-noninteraction=\"false\" data-track-scroll=\"view\">\n<div class=\"mc-column content-text active-extra-styles \" data-block-type=\"unstyled\" data-block-weight=\"9\" data-block-id=\"7\">\n<p class=\"content-text__container \" style=\"text-align: right;\" data-track-category=\"Link no Texto\" data-track-links=\"\"><span style=\"color: #ff0000;\"><em>Fonte: G1<\/em><\/span><\/p>\n<\/div>\n<\/div>\n<\/div>\n<p class=\"wpf_wrapper\"><a class=\"print_link\" href=\"\" target=\"_blank\">Preparar para impress\u00e3o<\/a><\/p><!-- .wpf_wrapper -->","protected":false},"excerpt":{"rendered":"<p>&nbsp; Homens armados invadiram a Unidade de Acolhimento para Crian\u00e7as e Adolescentes do Recanto das Emas, no Distrito Federal, na&hellip; <\/p>\n","protected":false},"author":1,"featured_media":0,"comment_status":"closed","ping_status":"closed","sticky":false,"template":"","format":"standard","meta":{"footnotes":""},"categories":[7],"tags":[],"class_list":["post-12177","post","type-post","status-publish","format-standard","hentry","category-noticias"],"jetpack_featured_media_url":"","_links":{"self":[{"href":"https:\/\/sindesvdf.com.br\/news\/wp-json\/wp\/v2\/posts\/12177","targetHints":{"allow":["GET"]}}],"collection":[{"href":"https:\/\/sindesvdf.com.br\/news\/wp-json\/wp\/v2\/posts"}],"about":[{"href":"https:\/\/sindesvdf.com.br\/news\/wp-json\/wp\/v2\/types\/post"}],"author":[{"embeddable":true,"href":"https:\/\/sindesvdf.com.br\/news\/wp-json\/wp\/v2\/users\/1"}],"replies":[{"embeddable":true,"href":"https:\/\/sindesvdf.com.br\/news\/wp-json\/wp\/v2\/comments?post=12177"}],"version-history":[{"count":1,"href":"https:\/\/sindesvdf.com.br\/news\/wp-json\/wp\/v2\/posts\/12177\/revisions"}],"predecessor-version":[{"id":12179,"href":"https:\/\/sindesvdf.com.br\/news\/wp-json\/wp\/v2\/posts\/12177\/revisions\/12179"}],"wp:attachment":[{"href":"https:\/\/sindesvdf.com.br\/news\/wp-json\/wp\/v2\/media?parent=12177"}],"wp:term":[{"taxonomy":"category","embeddable":true,"href":"https:\/\/sindesvdf.com.br\/news\/wp-json\/wp\/v2\/categories?post=12177"},{"taxonomy":"post_tag","embeddable":true,"href":"https:\/\/sindesvdf.com.br\/news\/wp-json\/wp\/v2\/tags?post=12177"}],"curies":[{"name":"wp","href":"https:\/\/api.w.org\/{rel}","templated":true}]}}