{"id":12180,"date":"2019-01-16T13:53:33","date_gmt":"2019-01-16T15:53:33","guid":{"rendered":"http:\/\/sindesvdf.com.br\/news\/?p=12180"},"modified":"2019-01-16T13:53:33","modified_gmt":"2019-01-16T15:53:33","slug":"contribuicao-previdenciaria-vai-mudar-no-salario-pago-em-fevereiro-entenda","status":"publish","type":"post","link":"https:\/\/sindesvdf.com.br\/news\/contribuicao-previdenciaria-vai-mudar-no-salario-pago-em-fevereiro-entenda\/","title":{"rendered":"Contribui\u00e7\u00e3o previdenci\u00e1ria vai mudar no sal\u00e1rio pago em fevereiro; entenda"},"content":{"rendered":"<p><img loading=\"lazy\" decoding=\"async\" class=\"aligncenter wp-image-12181 size-full\" src=\"http:\/\/sindesvdf.com.br\/news\/wp-content\/uploads\/2019\/01\/previdencia.png\" alt=\"\" width=\"700\" height=\"400\" srcset=\"https:\/\/sindesvdf.com.br\/news\/wp-content\/uploads\/2019\/01\/previdencia.png 700w, https:\/\/sindesvdf.com.br\/news\/wp-content\/uploads\/2019\/01\/previdencia-300x171.png 300w, https:\/\/sindesvdf.com.br\/news\/wp-content\/uploads\/2019\/01\/previdencia-150x86.png 150w, https:\/\/sindesvdf.com.br\/news\/wp-content\/uploads\/2019\/01\/previdencia-250x143.png 250w\" sizes=\"auto, (max-width: 700px) 100vw, 700px\" \/><\/p>\n<p><span style=\"font-size: 18px;\">Os trabalhadores ter\u00e3o mudan\u00e7as nas contribui\u00e7\u00f5es previdenci\u00e1rias no sal\u00e1rio pago em fevereiro. O Minist\u00e9rio da Economia publicou nesta quarta-feira (16) a nova tabela de contribui\u00e7\u00e3o para trabalhadores com carteira assinada, dom\u00e9sticos e trabalhadores avulsos.<\/span><\/p>\n<p><span style=\"font-size: 18px;\">O desconto do INSS \u00e9 de 8%, 9% ou 11%, dependendo do sal\u00e1rio do trabalhador. Em 2018, por exemplo, o desconto m\u00ednimo, de 8%, era feito para o trabalhador com remunera\u00e7\u00e3o de at\u00e9 R$ 1.693,72. Agora, essa al\u00edquota de desconto\u00a0vale para quem tem sal\u00e1rio de at\u00e9 R$ 1.751,81.<\/span><\/p>\n<p><strong><span style=\"font-size: 18px;\">Confira as novas faixas de recolhimento para os trabalhadores empregados, dom\u00e9sticos e avulsos:<\/span><\/strong><\/p>\n<p><span style=\"font-size: 18px;\">Sal\u00e1rio at\u00e9 R$ 1.751,81: 8% de desconto do INSS<\/span><\/p>\n<p><span style=\"font-size: 18px;\">Sal\u00e1rio de R$ 1.751,82 a R$ 2.919,72: 9% de desconto do INSS<\/span><\/p>\n<p><span style=\"font-size: 18px;\">Sal\u00e1rio de R$ 2.919,73 at\u00e9 R$ 5.839,45: 11% de desconto do INSS<\/span><\/p>\n<p><span style=\"font-size: 18px;\">Quem recebe mais do que esses valores tem um desconto fixo de 11% sobre R$ 5.839,45, que \u00e9 o teto do INSS.<\/span><\/p>\n<p><span style=\"font-size: 18px;\">Essas al\u00edquotas s\u00e3o referentes aos sal\u00e1rios de janeiro e dever\u00e3o ser recolhidas na folha de pagamento de\u00a0fevereiro.<\/span><\/p>\n<p><span style=\"font-size: 18px;\"><strong>Sai confirma\u00e7\u00e3o de reajuste para aposentados <\/strong><\/span><\/p>\n<p><span style=\"font-size: 18px;\">A publica\u00e7\u00e3o no Di\u00e1rio Oficial da Uni\u00e3o desta quarta-feira trouxe tamb\u00e9m a confirma\u00e7\u00e3o do reajuste de 3,43% para os aposentados e pensionistas que recebam acima de um sal\u00e1rio m\u00ednimo. O teto do INSS ficou em R$ 5.839,45.<\/span><\/p>\n<p><span style=\"font-size: 18px;\">Quem recebe um sal\u00e1rio m\u00ednimo de benef\u00edcio ter\u00e1 um reajuste maior. O valor m\u00ednimo pago nas aposentadorias e pens\u00f5es segue o piso nacional, que passou de R$ 954 para R$ 998 em 2019, o que equivale a um aumento de 4,6%.<\/span><\/p>\n<p style=\"text-align: right;\"><span style=\"color: #ff0000;\"><em>Fonte: UOL<\/em><\/span><\/p>\n<p class=\"wpf_wrapper\"><a class=\"print_link\" href=\"\" target=\"_blank\">Preparar para impress\u00e3o<\/a><\/p><!-- .wpf_wrapper -->","protected":false},"excerpt":{"rendered":"<p>Os trabalhadores ter\u00e3o mudan\u00e7as nas contribui\u00e7\u00f5es previdenci\u00e1rias no sal\u00e1rio pago em fevereiro. O Minist\u00e9rio da Economia publicou nesta quarta-feira (16)&hellip; <\/p>\n","protected":false},"author":1,"featured_media":0,"comment_status":"closed","ping_status":"closed","sticky":false,"template":"","format":"standard","meta":{"footnotes":""},"categories":[7],"tags":[],"class_list":["post-12180","post","type-post","status-publish","format-standard","hentry","category-noticias"],"jetpack_featured_media_url":"","_links":{"self":[{"href":"https:\/\/sindesvdf.com.br\/news\/wp-json\/wp\/v2\/posts\/12180","targetHints":{"allow":["GET"]}}],"collection":[{"href":"https:\/\/sindesvdf.com.br\/news\/wp-json\/wp\/v2\/posts"}],"about":[{"href":"https:\/\/sindesvdf.com.br\/news\/wp-json\/wp\/v2\/types\/post"}],"author":[{"embeddable":true,"href":"https:\/\/sindesvdf.com.br\/news\/wp-json\/wp\/v2\/users\/1"}],"replies":[{"embeddable":true,"href":"https:\/\/sindesvdf.com.br\/news\/wp-json\/wp\/v2\/comments?post=12180"}],"version-history":[{"count":1,"href":"https:\/\/sindesvdf.com.br\/news\/wp-json\/wp\/v2\/posts\/12180\/revisions"}],"predecessor-version":[{"id":12182,"href":"https:\/\/sindesvdf.com.br\/news\/wp-json\/wp\/v2\/posts\/12180\/revisions\/12182"}],"wp:attachment":[{"href":"https:\/\/sindesvdf.com.br\/news\/wp-json\/wp\/v2\/media?parent=12180"}],"wp:term":[{"taxonomy":"category","embeddable":true,"href":"https:\/\/sindesvdf.com.br\/news\/wp-json\/wp\/v2\/categories?post=12180"},{"taxonomy":"post_tag","embeddable":true,"href":"https:\/\/sindesvdf.com.br\/news\/wp-json\/wp\/v2\/tags?post=12180"}],"curies":[{"name":"wp","href":"https:\/\/api.w.org\/{rel}","templated":true}]}}