{"id":12187,"date":"2019-01-20T10:54:06","date_gmt":"2019-01-20T12:54:06","guid":{"rendered":"http:\/\/sindesvdf.com.br\/news\/?p=12187"},"modified":"2019-01-23T08:19:25","modified_gmt":"2019-01-23T10:19:25","slug":"bandidos-tentam-roubar-arma-de-vigia-a-fogem-apos-troca-de-tiros","status":"publish","type":"post","link":"https:\/\/sindesvdf.com.br\/news\/bandidos-tentam-roubar-arma-de-vigia-a-fogem-apos-troca-de-tiros\/","title":{"rendered":"Bandidos tentam roubar arma de vigilante a fogem ap\u00f3s troca de tiros"},"content":{"rendered":"<p><img loading=\"lazy\" decoding=\"async\" class=\"aligncenter wp-image-12201 size-full\" src=\"http:\/\/sindesvdf.com.br\/news\/wp-content\/uploads\/2019\/01\/metropoles.png\" alt=\"\" width=\"700\" height=\"400\" srcset=\"https:\/\/sindesvdf.com.br\/news\/wp-content\/uploads\/2019\/01\/metropoles.png 700w, https:\/\/sindesvdf.com.br\/news\/wp-content\/uploads\/2019\/01\/metropoles-300x171.png 300w, https:\/\/sindesvdf.com.br\/news\/wp-content\/uploads\/2019\/01\/metropoles-150x86.png 150w, https:\/\/sindesvdf.com.br\/news\/wp-content\/uploads\/2019\/01\/metropoles-250x143.png 250w\" sizes=\"auto, (max-width: 700px) 100vw, 700px\" \/><\/p>\n<p><span style=\"font-size: 18px;\">Bandidos invadiram o Centro de Aten\u00e7\u00e3o Psicossocial (Caps) de Samambaia na noite deste s\u00e1bado (19\/1) com o objetivo de roubar a arma do vigilante. Ao chegarem at\u00e9 o local e tentarem render o vigilante, um dos criminosos chegou a atirar. O profissional, que fica sozinho no posto de trabalho, revidou e a dupla fugiu correndo, deixando para tr\u00e1s a moto na qual chegou ao local.<\/span><\/p>\n<p><span style=\"font-size: 18px;\">De acordo com o diretor do Sindicato dos Vigilantes do Distrito Federal, Josenir Jos\u00e9 da Silva, o trabalhador n\u00e3o se feriu, e n\u00e3o h\u00e1 not\u00edcias de que algum dos bandidos tenha sido atingido.<\/span><\/p>\n<p><span style=\"font-size: 18px;\">\u201c<em>Eles j\u00e1 chegaram pedindo a arma e deram um tiro. O vigia revidou com dois e eles sa\u00edram correndo. Ali \u00e9 uma regi\u00e3o muito perigosa, n\u00e3o tem cercado, n\u00e3o tem guarita. O ideal, para o plant\u00e3o era, no m\u00ednimo, quatro vigilantes. S\u00f3 tem um<\/em>\u201d, reclama o dirigente sindical.<\/span><\/p>\n<p><span style=\"font-size: 18px;\">A motocicleta abandonada pela dupla foi apreendida e encaminhada para a 26\u00aa Delegacia de Pol\u00edcia (em Samambaia). Segundo informa\u00e7\u00f5es preliminares, o ve\u00edculo n\u00e3o consta como objeto de roubo ou furto. A Pol\u00edcia Militar suspeita que um dos suspeitos tenha sido atingido e faz buscas por baleados em hospitais do DF<\/span>.<\/p>\n<p style=\"text-align: right;\"><span style=\"color: #ff0000;\"><em>Fonte: Metr\u00f3poles<\/em><\/span><\/p>\n<p>&nbsp;<\/p>\n<p class=\"wpf_wrapper\"><a class=\"print_link\" href=\"\" target=\"_blank\">Preparar para impress\u00e3o<\/a><\/p><!-- .wpf_wrapper -->","protected":false},"excerpt":{"rendered":"<p>Bandidos invadiram o Centro de Aten\u00e7\u00e3o Psicossocial (Caps) de Samambaia na noite deste s\u00e1bado (19\/1) com o objetivo de roubar&hellip; <\/p>\n","protected":false},"author":1,"featured_media":0,"comment_status":"closed","ping_status":"closed","sticky":false,"template":"","format":"standard","meta":{"footnotes":""},"categories":[7],"tags":[],"class_list":["post-12187","post","type-post","status-publish","format-standard","hentry","category-noticias"],"jetpack_featured_media_url":"","_links":{"self":[{"href":"https:\/\/sindesvdf.com.br\/news\/wp-json\/wp\/v2\/posts\/12187","targetHints":{"allow":["GET"]}}],"collection":[{"href":"https:\/\/sindesvdf.com.br\/news\/wp-json\/wp\/v2\/posts"}],"about":[{"href":"https:\/\/sindesvdf.com.br\/news\/wp-json\/wp\/v2\/types\/post"}],"author":[{"embeddable":true,"href":"https:\/\/sindesvdf.com.br\/news\/wp-json\/wp\/v2\/users\/1"}],"replies":[{"embeddable":true,"href":"https:\/\/sindesvdf.com.br\/news\/wp-json\/wp\/v2\/comments?post=12187"}],"version-history":[{"count":6,"href":"https:\/\/sindesvdf.com.br\/news\/wp-json\/wp\/v2\/posts\/12187\/revisions"}],"predecessor-version":[{"id":12202,"href":"https:\/\/sindesvdf.com.br\/news\/wp-json\/wp\/v2\/posts\/12187\/revisions\/12202"}],"wp:attachment":[{"href":"https:\/\/sindesvdf.com.br\/news\/wp-json\/wp\/v2\/media?parent=12187"}],"wp:term":[{"taxonomy":"category","embeddable":true,"href":"https:\/\/sindesvdf.com.br\/news\/wp-json\/wp\/v2\/categories?post=12187"},{"taxonomy":"post_tag","embeddable":true,"href":"https:\/\/sindesvdf.com.br\/news\/wp-json\/wp\/v2\/tags?post=12187"}],"curies":[{"name":"wp","href":"https:\/\/api.w.org\/{rel}","templated":true}]}}