{"id":12193,"date":"2019-01-21T14:12:08","date_gmt":"2019-01-21T16:12:08","guid":{"rendered":"http:\/\/sindesvdf.com.br\/news\/?p=12193"},"modified":"2019-01-21T14:14:17","modified_gmt":"2019-01-21T16:14:17","slug":"vigilante-reage-a-assalto-em-samambaia-e-atira-contra-criminosos","status":"publish","type":"post","link":"https:\/\/sindesvdf.com.br\/news\/vigilante-reage-a-assalto-em-samambaia-e-atira-contra-criminosos\/","title":{"rendered":"Vigilante reage \u00e0 assalto em Samambaia e atira contra criminosos"},"content":{"rendered":"<p><img loading=\"lazy\" decoding=\"async\" class=\"aligncenter wp-image-12194 size-full\" src=\"http:\/\/sindesvdf.com.br\/news\/wp-content\/uploads\/2019\/01\/MOTO.png\" alt=\"\" width=\"700\" height=\"400\" srcset=\"https:\/\/sindesvdf.com.br\/news\/wp-content\/uploads\/2019\/01\/MOTO.png 700w, https:\/\/sindesvdf.com.br\/news\/wp-content\/uploads\/2019\/01\/MOTO-300x171.png 300w, https:\/\/sindesvdf.com.br\/news\/wp-content\/uploads\/2019\/01\/MOTO-150x86.png 150w, https:\/\/sindesvdf.com.br\/news\/wp-content\/uploads\/2019\/01\/MOTO-250x143.png 250w\" sizes=\"auto, (max-width: 700px) 100vw, 700px\" \/><\/p>\n<p><span class=\"application-controller__transition-container\" style=\"font-size: 18px;\">Bandidos estavam em uma moto e o carona atirou contra o vigilante do Caps de Samambaia, que reagiu. Criminosos fugiram e deixaram moto para tr\u00e1s. Funcion\u00e1rio n\u00e3o foi ferido. Ele n\u00e3o sabe dizer se disparo atingiu criminosos. Tentativa foi no s\u00e1bado (19) \u00e0 noite.<\/span><\/p>\n<p><strong>Assista ao v\u00eddeo:<br \/>\n<\/strong><\/p>\n<div style=\"width: 1110px;\" class=\"wp-video\"><video class=\"wp-video-shortcode\" id=\"video-12193-1\" width=\"1110\" height=\"624\" preload=\"metadata\" controls=\"controls\"><source type=\"video\/mp4\" src=\"http:\/\/sindesvdf.com.br\/news\/wp-content\/uploads\/2019\/01\/Globo.mp4?_=1\" \/><a href=\"http:\/\/sindesvdf.com.br\/news\/wp-content\/uploads\/2019\/01\/Globo.mp4\">http:\/\/sindesvdf.com.br\/news\/wp-content\/uploads\/2019\/01\/Globo.mp4<\/a><\/video><\/div>\n<p><strong>\u00a0<\/strong><\/p>\n<p>&nbsp;<\/p>\n<p style=\"text-align: right;\"><span style=\"color: #ff0000;\"><em>Fonte: Bom dia DF, globo play<\/em><\/span><\/p>\n<p>&nbsp;<\/p>\n<p class=\"wpf_wrapper\"><a class=\"print_link\" href=\"\" target=\"_blank\">Preparar para impress\u00e3o<\/a><\/p><!-- .wpf_wrapper -->","protected":false},"excerpt":{"rendered":"<p>Bandidos estavam em uma moto e o carona atirou contra o vigilante do Caps de Samambaia, que reagiu. Criminosos fugiram&hellip; <\/p>\n","protected":false},"author":1,"featured_media":0,"comment_status":"closed","ping_status":"closed","sticky":false,"template":"","format":"standard","meta":{"footnotes":""},"categories":[7],"tags":[],"class_list":["post-12193","post","type-post","status-publish","format-standard","hentry","category-noticias"],"jetpack_featured_media_url":"","_links":{"self":[{"href":"https:\/\/sindesvdf.com.br\/news\/wp-json\/wp\/v2\/posts\/12193","targetHints":{"allow":["GET"]}}],"collection":[{"href":"https:\/\/sindesvdf.com.br\/news\/wp-json\/wp\/v2\/posts"}],"about":[{"href":"https:\/\/sindesvdf.com.br\/news\/wp-json\/wp\/v2\/types\/post"}],"author":[{"embeddable":true,"href":"https:\/\/sindesvdf.com.br\/news\/wp-json\/wp\/v2\/users\/1"}],"replies":[{"embeddable":true,"href":"https:\/\/sindesvdf.com.br\/news\/wp-json\/wp\/v2\/comments?post=12193"}],"version-history":[{"count":3,"href":"https:\/\/sindesvdf.com.br\/news\/wp-json\/wp\/v2\/posts\/12193\/revisions"}],"predecessor-version":[{"id":12198,"href":"https:\/\/sindesvdf.com.br\/news\/wp-json\/wp\/v2\/posts\/12193\/revisions\/12198"}],"wp:attachment":[{"href":"https:\/\/sindesvdf.com.br\/news\/wp-json\/wp\/v2\/media?parent=12193"}],"wp:term":[{"taxonomy":"category","embeddable":true,"href":"https:\/\/sindesvdf.com.br\/news\/wp-json\/wp\/v2\/categories?post=12193"},{"taxonomy":"post_tag","embeddable":true,"href":"https:\/\/sindesvdf.com.br\/news\/wp-json\/wp\/v2\/tags?post=12193"}],"curies":[{"name":"wp","href":"https:\/\/api.w.org\/{rel}","templated":true}]}}