{"id":12211,"date":"2019-01-24T13:23:20","date_gmt":"2019-01-24T15:23:20","guid":{"rendered":"http:\/\/sindesvdf.com.br\/news\/?p=12211"},"modified":"2019-01-24T13:44:27","modified_gmt":"2019-01-24T15:44:27","slug":"repudio-difamacao-contra-vigilante-em-redes-sociais","status":"publish","type":"post","link":"https:\/\/sindesvdf.com.br\/news\/repudio-difamacao-contra-vigilante-em-redes-sociais\/","title":{"rendered":"Rep\u00fadio: Difama\u00e7\u00e3o contra vigilante em redes sociais"},"content":{"rendered":"<p><img loading=\"lazy\" decoding=\"async\" class=\"aligncenter wp-image-12212 size-full\" src=\"http:\/\/sindesvdf.com.br\/news\/wp-content\/uploads\/2019\/01\/Difama\u00e7\u00e3o.png\" alt=\"\" width=\"700\" height=\"400\" srcset=\"https:\/\/sindesvdf.com.br\/news\/wp-content\/uploads\/2019\/01\/Difama\u00e7\u00e3o.png 700w, https:\/\/sindesvdf.com.br\/news\/wp-content\/uploads\/2019\/01\/Difama\u00e7\u00e3o-300x171.png 300w, https:\/\/sindesvdf.com.br\/news\/wp-content\/uploads\/2019\/01\/Difama\u00e7\u00e3o-150x86.png 150w, https:\/\/sindesvdf.com.br\/news\/wp-content\/uploads\/2019\/01\/Difama\u00e7\u00e3o-250x143.png 250w\" sizes=\"auto, (max-width: 700px) 100vw, 700px\" \/><\/p>\n<p><span style=\"font-size: 18px;\">No dia 23\/01, no Hospital Regional de Ceil\u00e2ndia \u2013 HRC, duas vigilantes cumpriam seu expediente normalmente. Um paciente, j\u00e1 de idade e sem cr\u00e9dito em seu celular, pediu um favor \u00e0 vigilante para que anotasse um n\u00famero de telefone que estava em seu celular e o ajudasse a fazer uma liga\u00e7\u00e3o urgente.<\/span><\/p>\n<p><span style=\"font-size: 18px;\">Com os dois celulares na m\u00e3o, o seu e o do paciente, vemos claramente na foto que a vigilante est\u00e1 ajudando algu\u00e9m. No entanto, o mal-intencionado que tirou a foto e espalhou nas redes sociais, diz que a vigilante est\u00e1 no WhatsApp, sem ao menos analisar o contexto da situa\u00e7\u00e3o das raz\u00f5es de ela estar olhando para o celular, no caso da foto s\u00e3o dois, o que j\u00e1 daria motivos para fazer uma avalia\u00e7\u00e3o menos maldosa.<\/span><\/p>\n<p><span style=\"font-size: 18px;\">A pr\u00f3pria empresa, a Ipanema, reconheceu que a vigilante estava ajudando algu\u00e9m e tudo j\u00e1 est\u00e1 esclarecido. Mas n\u00e3o podemos deixar que pessoas cheias de \u00f3dio, por raz\u00f5es diversas, venham manchar a imagem de uma profissional qualificada, que ajuda a quem recorre a ela e mostrou o quanto \u00e9 humana e sens\u00edvel em seu posto de trabalho.<\/span><\/p>\n<p><span style=\"font-size: 18px;\">Reconhecida a pessoa que tirou a foto e espalhou a imagem, a mesma ser\u00e1 processada por cal\u00fania e difama\u00e7\u00e3o.<\/span><\/p>\n<p>&nbsp;<\/p>\n<p class=\"wpf_wrapper\"><a class=\"print_link\" href=\"\" target=\"_blank\">Preparar para impress\u00e3o<\/a><\/p><!-- .wpf_wrapper -->","protected":false},"excerpt":{"rendered":"<p>No dia 23\/01, no Hospital Regional de Ceil\u00e2ndia \u2013 HRC, duas vigilantes cumpriam seu expediente normalmente. Um paciente, j\u00e1 de&hellip; <\/p>\n","protected":false},"author":1,"featured_media":0,"comment_status":"closed","ping_status":"closed","sticky":false,"template":"","format":"standard","meta":{"footnotes":""},"categories":[7],"tags":[],"class_list":["post-12211","post","type-post","status-publish","format-standard","hentry","category-noticias"],"jetpack_featured_media_url":"","_links":{"self":[{"href":"https:\/\/sindesvdf.com.br\/news\/wp-json\/wp\/v2\/posts\/12211","targetHints":{"allow":["GET"]}}],"collection":[{"href":"https:\/\/sindesvdf.com.br\/news\/wp-json\/wp\/v2\/posts"}],"about":[{"href":"https:\/\/sindesvdf.com.br\/news\/wp-json\/wp\/v2\/types\/post"}],"author":[{"embeddable":true,"href":"https:\/\/sindesvdf.com.br\/news\/wp-json\/wp\/v2\/users\/1"}],"replies":[{"embeddable":true,"href":"https:\/\/sindesvdf.com.br\/news\/wp-json\/wp\/v2\/comments?post=12211"}],"version-history":[{"count":6,"href":"https:\/\/sindesvdf.com.br\/news\/wp-json\/wp\/v2\/posts\/12211\/revisions"}],"predecessor-version":[{"id":12218,"href":"https:\/\/sindesvdf.com.br\/news\/wp-json\/wp\/v2\/posts\/12211\/revisions\/12218"}],"wp:attachment":[{"href":"https:\/\/sindesvdf.com.br\/news\/wp-json\/wp\/v2\/media?parent=12211"}],"wp:term":[{"taxonomy":"category","embeddable":true,"href":"https:\/\/sindesvdf.com.br\/news\/wp-json\/wp\/v2\/categories?post=12211"},{"taxonomy":"post_tag","embeddable":true,"href":"https:\/\/sindesvdf.com.br\/news\/wp-json\/wp\/v2\/tags?post=12211"}],"curies":[{"name":"wp","href":"https:\/\/api.w.org\/{rel}","templated":true}]}}