{"id":12222,"date":"2019-01-25T15:24:50","date_gmt":"2019-01-25T17:24:50","guid":{"rendered":"http:\/\/sindesvdf.com.br\/news\/?p=12222"},"modified":"2019-01-25T15:30:17","modified_gmt":"2019-01-25T17:30:17","slug":"campanha-salarial-2019-fechada-com-avancos-e-sem-reforma-trabalhista","status":"publish","type":"post","link":"https:\/\/sindesvdf.com.br\/news\/campanha-salarial-2019-fechada-com-avancos-e-sem-reforma-trabalhista\/","title":{"rendered":"Campanha Salarial 2019 fechada com avan\u00e7os e sem reforma trabalhista"},"content":{"rendered":"<figure id=\"attachment_12223\" aria-describedby=\"caption-attachment-12223\" style=\"width: 700px\" class=\"wp-caption aligncenter\"><img loading=\"lazy\" decoding=\"async\" class=\"wp-image-12223 size-full\" src=\"http:\/\/sindesvdf.com.br\/news\/wp-content\/uploads\/2019\/01\/Assembleia.png\" alt=\"\" width=\"700\" height=\"400\" srcset=\"https:\/\/sindesvdf.com.br\/news\/wp-content\/uploads\/2019\/01\/Assembleia.png 700w, https:\/\/sindesvdf.com.br\/news\/wp-content\/uploads\/2019\/01\/Assembleia-300x171.png 300w, https:\/\/sindesvdf.com.br\/news\/wp-content\/uploads\/2019\/01\/Assembleia-150x86.png 150w, https:\/\/sindesvdf.com.br\/news\/wp-content\/uploads\/2019\/01\/Assembleia-250x143.png 250w\" sizes=\"auto, (max-width: 700px) 100vw, 700px\" \/><figcaption id=\"caption-attachment-12223\" class=\"wp-caption-text\">Tabela salarial e outros benef\u00edcios ser\u00e3o divulgados quando a CCT for homologada no Minist\u00e9rio do Trabalho.<\/figcaption><\/figure>\n<p><span style=\"font-size: 18px;\">Depois de meses de negocia\u00e7\u00e3o, sempre com a pauta da reforma trabalhista entre os pontos a serem negociados e as nossas insistentes negativas a qualquer proposta de retrocesso, finalmente fechamos a nossa Campanha Salarial 2019 na noite do dia 24\/01, pois negociamos alguns pontos pendentes nos \u00faltimos minutos antes do in\u00edcio da Assembleia Geral.<\/span><\/p>\n<p><span style=\"font-size: 18px;\">Gra\u00e7as ao empenho da dire\u00e7\u00e3o do Sindicato e da for\u00e7a da categoria, conseguimos barrar a reforma trabalhista, mantendo todas as cl\u00e1usulas da CCT. O reajuste salarial foi de 3,43% e o t\u00edquete foi para R$ 36,00 a fra\u00e7\u00e3o.<\/span><\/p>\n<p><span style=\"font-size: 18px;\">Valeu a nossa insist\u00eancia, mantendo a Pauta de Reivindica\u00e7\u00f5es e n\u00e3o abrindo m\u00e3o de nossas conquistas e direitos, todos arrancados com muita luta ao longo dos anos.<\/span><\/p>\n<p><span style=\"font-size: 18px;\">A dire\u00e7\u00e3o do Sindicato informa que a Conven\u00e7\u00e3o Coletiva de Trabalho, ap\u00f3s a assinatura das entidades laboral e patronal, ser\u00e1 homologada no Minist\u00e9rio do Trabalho e ap\u00f3s, divulgaremos a tabela salarial e demais ganhos da nossa Campanha Salarial, 2018.<\/span><\/p>\n<p><strong>Deputada Federal, Erika Kokay, parabeniza \u00e0 categoria pela vit\u00f3ria. Assista!<br \/>\n<\/strong><\/p>\n<div style=\"width: 500px;\" class=\"wp-video\"><video class=\"wp-video-shortcode\" id=\"video-12222-1\" width=\"500\" height=\"500\" preload=\"metadata\" controls=\"controls\"><source type=\"video\/mp4\" src=\"http:\/\/sindesvdf.com.br\/news\/wp-content\/uploads\/2019\/01\/Erika-Kokay_SiteOK.mp4?_=1\" \/><a href=\"http:\/\/sindesvdf.com.br\/news\/wp-content\/uploads\/2019\/01\/Erika-Kokay_SiteOK.mp4\">http:\/\/sindesvdf.com.br\/news\/wp-content\/uploads\/2019\/01\/Erika-Kokay_SiteOK.mp4<\/a><\/video><\/div>\n<p>&nbsp;<\/p>\n<p class=\"wpf_wrapper\"><a class=\"print_link\" href=\"\" target=\"_blank\">Preparar para impress\u00e3o<\/a><\/p><!-- .wpf_wrapper -->","protected":false},"excerpt":{"rendered":"<p>Depois de meses de negocia\u00e7\u00e3o, sempre com a pauta da reforma trabalhista entre os pontos a serem negociados e as&hellip; <\/p>\n","protected":false},"author":1,"featured_media":0,"comment_status":"closed","ping_status":"closed","sticky":false,"template":"","format":"standard","meta":{"footnotes":""},"categories":[7],"tags":[],"class_list":["post-12222","post","type-post","status-publish","format-standard","hentry","category-noticias"],"jetpack_featured_media_url":"","_links":{"self":[{"href":"https:\/\/sindesvdf.com.br\/news\/wp-json\/wp\/v2\/posts\/12222","targetHints":{"allow":["GET"]}}],"collection":[{"href":"https:\/\/sindesvdf.com.br\/news\/wp-json\/wp\/v2\/posts"}],"about":[{"href":"https:\/\/sindesvdf.com.br\/news\/wp-json\/wp\/v2\/types\/post"}],"author":[{"embeddable":true,"href":"https:\/\/sindesvdf.com.br\/news\/wp-json\/wp\/v2\/users\/1"}],"replies":[{"embeddable":true,"href":"https:\/\/sindesvdf.com.br\/news\/wp-json\/wp\/v2\/comments?post=12222"}],"version-history":[{"count":3,"href":"https:\/\/sindesvdf.com.br\/news\/wp-json\/wp\/v2\/posts\/12222\/revisions"}],"predecessor-version":[{"id":12227,"href":"https:\/\/sindesvdf.com.br\/news\/wp-json\/wp\/v2\/posts\/12222\/revisions\/12227"}],"wp:attachment":[{"href":"https:\/\/sindesvdf.com.br\/news\/wp-json\/wp\/v2\/media?parent=12222"}],"wp:term":[{"taxonomy":"category","embeddable":true,"href":"https:\/\/sindesvdf.com.br\/news\/wp-json\/wp\/v2\/categories?post=12222"},{"taxonomy":"post_tag","embeddable":true,"href":"https:\/\/sindesvdf.com.br\/news\/wp-json\/wp\/v2\/tags?post=12222"}],"curies":[{"name":"wp","href":"https:\/\/api.w.org\/{rel}","templated":true}]}}