{"id":12228,"date":"2019-01-30T17:17:43","date_gmt":"2019-01-30T19:17:43","guid":{"rendered":"http:\/\/sindesvdf.com.br\/news\/?p=12228"},"modified":"2019-01-30T17:30:36","modified_gmt":"2019-01-30T19:30:36","slug":"secretaria-de-saude-enaltece-profissionalismo-de-vigilantes-durante-incendio-no-hrt","status":"publish","type":"post","link":"https:\/\/sindesvdf.com.br\/news\/secretaria-de-saude-enaltece-profissionalismo-de-vigilantes-durante-incendio-no-hrt\/","title":{"rendered":"Secretaria de Sa\u00fade enaltece profissionalismo de vigilantes durante inc\u00eandio no HRT"},"content":{"rendered":"<p><img loading=\"lazy\" decoding=\"async\" class=\"aligncenter wp-image-12229 size-full\" src=\"http:\/\/sindesvdf.com.br\/news\/wp-content\/uploads\/2019\/01\/SES.png\" alt=\"\" width=\"700\" height=\"400\" srcset=\"https:\/\/sindesvdf.com.br\/news\/wp-content\/uploads\/2019\/01\/SES.png 700w, https:\/\/sindesvdf.com.br\/news\/wp-content\/uploads\/2019\/01\/SES-300x171.png 300w, https:\/\/sindesvdf.com.br\/news\/wp-content\/uploads\/2019\/01\/SES-150x86.png 150w, https:\/\/sindesvdf.com.br\/news\/wp-content\/uploads\/2019\/01\/SES-250x143.png 250w\" sizes=\"auto, (max-width: 700px) 100vw, 700px\" \/><\/p>\n<p><span style=\"font-size: 18px;\">Em site interno da Secretaria de Sa\u00fade do DF, que o Sindicato dos Vigilantes teve acesso, o \u00f3rg\u00e3o agradece aos vigilantes que prestam servi\u00e7o no HRT \u2013 Hospital Regional de Taguatinga pelo profissionalismo e apoio durante o inc\u00eandio que aconteceu naquela unidade hospitalar na manh\u00e3 do dia 24\/01.<\/span><\/p>\n<p><span style=\"font-size: 18px;\">A dire\u00e7\u00e3o do Sindicato dos Vigilantes sempre colocou a import\u00e2ncia dos vigilantes nas unidades de sa\u00fade, sejam hospitais, postos de sa\u00fade ou upas, pois trabalham com dedica\u00e7\u00e3o e compromisso e tornaram-se imprescind\u00edveis para o bom funcionamento desses \u00f3rg\u00e3os, tanto na seguran\u00e7a como no apoio que prestam.<\/span><\/p>\n<p><span style=\"font-size: 18px;\">Parab\u00e9ns aos valorosos companheiros e companheiras que, mais uma vez, fizeram a diferen\u00e7a em um momento bastante cr\u00edtico que foi a ocorr\u00eancia desse inc\u00eandio no HRT.<\/span><\/p>\n<p><span style=\"font-size: 18px;\">Veja a mat\u00e9ria que saiu no site interno da Secretaria de Sa\u00fade:<\/span><\/p>\n<p><span style=\"font-size: 18px;\"><strong>AGRADECIMENTO AOS PROFISSIONAIS DO HRT<\/strong><\/span><\/p>\n<p><span style=\"font-size: 18px;\">A Secretaria de Sa\u00fade, juntamente \u00e0 Superintend\u00eancia da Regi\u00e3o de Sa\u00fade Sudoeste, vem por meio desta reconhecer e agradecer aos profissionais da Seguran\u00e7a do Hospital Regional de Taguatinga, que tiveram atitude de grande import\u00e2ncia diante do princ\u00edpio de inc\u00eandio e atendimento aos pacientes expostos \u00e0 fuma\u00e7a. O reconhecimento tamb\u00e9m se estende a todos os servidores que, em meio aquele cen\u00e1rio, n\u00e3o deixaram de prestar assist\u00eancia \u00e0 popula\u00e7\u00e3o.<\/span><\/p>\n<p><span style=\"font-size: 18px;\">Os profissionais mostraram preparo e per\u00edcia ao conduzir a retirada dos pacientes do Pronto Socorro, local de maior concentra\u00e7\u00e3o de fuma\u00e7a, com agilidade, ao mesmo tempo que tranquilizavam pacientes e acompanhantes diante da situa\u00e7\u00e3o.<\/span><\/p>\n<p><span style=\"font-size: 18px;\">Al\u00e9m disso, realizaram de forma correta todas as medidas de seguran\u00e7a em rela\u00e7\u00e3o ao foco de inc\u00eandio, isolamento da \u00e1rea e o imediato chamado do Corpo de Bombeiros.<\/span><\/p>\n<p><span style=\"font-size: 18px;\">Tamb\u00e9m o Supervisor Eduardo Silva Brand\u00e3o deixa registrado o seu elogio \u00e0 equipe de seguran\u00e7a Ipanema Seguran\u00e7a pelo empenho em uma situa\u00e7\u00e3o adversa que, diante do risco de perigo iminente, agiram de forma e conduta digna da profiss\u00e3o.<\/span><\/p>\n<p><span style=\"font-size: 16px;\">(Fonte: Ag\u00eancia Sa\u00fade)<\/span><\/p>\n<p class=\"wpf_wrapper\"><a class=\"print_link\" href=\"\" target=\"_blank\">Preparar para impress\u00e3o<\/a><\/p><!-- .wpf_wrapper -->","protected":false},"excerpt":{"rendered":"<p>Em site interno da Secretaria de Sa\u00fade do DF, que o Sindicato dos Vigilantes teve acesso, o \u00f3rg\u00e3o agradece aos&hellip; <\/p>\n","protected":false},"author":1,"featured_media":0,"comment_status":"closed","ping_status":"closed","sticky":false,"template":"","format":"standard","meta":{"footnotes":""},"categories":[7],"tags":[],"class_list":["post-12228","post","type-post","status-publish","format-standard","hentry","category-noticias"],"jetpack_featured_media_url":"","_links":{"self":[{"href":"https:\/\/sindesvdf.com.br\/news\/wp-json\/wp\/v2\/posts\/12228","targetHints":{"allow":["GET"]}}],"collection":[{"href":"https:\/\/sindesvdf.com.br\/news\/wp-json\/wp\/v2\/posts"}],"about":[{"href":"https:\/\/sindesvdf.com.br\/news\/wp-json\/wp\/v2\/types\/post"}],"author":[{"embeddable":true,"href":"https:\/\/sindesvdf.com.br\/news\/wp-json\/wp\/v2\/users\/1"}],"replies":[{"embeddable":true,"href":"https:\/\/sindesvdf.com.br\/news\/wp-json\/wp\/v2\/comments?post=12228"}],"version-history":[{"count":2,"href":"https:\/\/sindesvdf.com.br\/news\/wp-json\/wp\/v2\/posts\/12228\/revisions"}],"predecessor-version":[{"id":12231,"href":"https:\/\/sindesvdf.com.br\/news\/wp-json\/wp\/v2\/posts\/12228\/revisions\/12231"}],"wp:attachment":[{"href":"https:\/\/sindesvdf.com.br\/news\/wp-json\/wp\/v2\/media?parent=12228"}],"wp:term":[{"taxonomy":"category","embeddable":true,"href":"https:\/\/sindesvdf.com.br\/news\/wp-json\/wp\/v2\/categories?post=12228"},{"taxonomy":"post_tag","embeddable":true,"href":"https:\/\/sindesvdf.com.br\/news\/wp-json\/wp\/v2\/tags?post=12228"}],"curies":[{"name":"wp","href":"https:\/\/api.w.org\/{rel}","templated":true}]}}