{"id":12232,"date":"2019-02-01T08:52:36","date_gmt":"2019-02-01T10:52:36","guid":{"rendered":"http:\/\/sindesvdf.com.br\/news\/?p=12232"},"modified":"2019-02-01T08:52:36","modified_gmt":"2019-02-01T10:52:36","slug":"nova-regra-aposentados-com-mais-de-60-anos-terao-de-agendar-prova-de-vida","status":"publish","type":"post","link":"https:\/\/sindesvdf.com.br\/news\/nova-regra-aposentados-com-mais-de-60-anos-terao-de-agendar-prova-de-vida\/","title":{"rendered":"Nova regra: aposentados com mais de 60 anos ter\u00e3o de agendar prova de vida"},"content":{"rendered":"<p><img loading=\"lazy\" decoding=\"async\" class=\"size-full wp-image-12233 aligncenter\" src=\"http:\/\/sindesvdf.com.br\/news\/wp-content\/uploads\/2019\/02\/Idoso.png\" alt=\"\" width=\"700\" height=\"400\" srcset=\"https:\/\/sindesvdf.com.br\/news\/wp-content\/uploads\/2019\/02\/Idoso.png 700w, https:\/\/sindesvdf.com.br\/news\/wp-content\/uploads\/2019\/02\/Idoso-300x171.png 300w, https:\/\/sindesvdf.com.br\/news\/wp-content\/uploads\/2019\/02\/Idoso-150x86.png 150w, https:\/\/sindesvdf.com.br\/news\/wp-content\/uploads\/2019\/02\/Idoso-250x143.png 250w\" sizes=\"auto, (max-width: 700px) 100vw, 700px\" \/><\/p>\n<p><span style=\"font-size: 18px;\">A Medida Provis\u00f3ria (MP)\u00a0<a href=\"https:\/\/www.jusbrasil.com.br\/legislacao\/108357\/medida-provisoria-871-95\">871<\/a>, publicada em 18 de janeiro com a inten\u00e7\u00e3o de reduzir fraudes contra o Instituto Nacional do Seguro Social (INSS), trouxe mudan\u00e7as na prova de vida dos segurados. Essa comprova\u00e7\u00e3o \u00e9 um procedimento obrigat\u00f3rio para evitar pagamentos indevidos.<\/span><\/p>\n<p><span style=\"font-size: 18px;\">De acordo com o texto, assinado pelo presidente Jair Bolsonaro, aposentados e pensionistas acima dos 60 anos ter\u00e3o que fazer um agendamento pr\u00e9vio antes da atualiza\u00e7\u00e3o cadastral. Pelas regras atuais, o benefici\u00e1rio \u00e9 avisado pelo banco em que recebe os valores para ir \u00e0 ag\u00eancia, sem hora marcada, e fazer o recadastramento.<\/span><\/p>\n<p><span style=\"font-size: 18px;\">Al\u00e9m disso, a MP abre a possibilidade da prova de vida ser feita na resid\u00eancia dos segurados acima de 80 anos. O texto especifica que &#8220;<em>o INSS dispor\u00e1 de meios que garantam a identifica\u00e7\u00e3o e o processo de f\u00e9 de vida para pessoas com dificuldades de locomo\u00e7\u00e3o e idosos acima de oitenta anos que recebam benef\u00edcios<\/em>&#8220;.<\/span><\/p>\n<p><span style=\"font-size: 18px;\">A MP tem validade de 60 dias, prorrog\u00e1veis por mais 60, mas j\u00e1 tem for\u00e7a de lei. Entretanto, precisa ser aprovada pelo Congresso para n\u00e3o perder a validade. As altera\u00e7\u00f5es ainda t\u00eam de ser regulamentadas pelo INSS, por isso nada muda para os aposentados por enquanto. O instituto informa que as quest\u00f5es \u201c<em>ainda est\u00e3o em an\u00e1lise pelo presidente em conjunto com \u00e1rea t\u00e9cnica e, t\u00e3o logo seja assinado, o ato ser\u00e1 publicado no Di\u00e1rio Oficial da Uni\u00e3o<\/em>\u201d.<\/span><\/p>\n<p><span style=\"font-size: 18px;\">H\u00e1, ainda, duas mudan\u00e7as da MP\u00a0<a href=\"https:\/\/www.jusbrasil.com.br\/legislacao\/108357\/medida-provisoria-871-95\">871<\/a>\u00a0que n\u00e3o entram em vigor imediatamente. O requerimento da pens\u00e3o por morte por menores de 16 anos, que passou a ter prazo de 180 dias, valer\u00e1 ap\u00f3s 120 dias, a contar da data da publica\u00e7\u00e3o. J\u00e1 a autoriza\u00e7\u00e3o do requerente do Benef\u00edcio de Presta\u00e7\u00e3o Continuada (BPC) para que o INSS tenha acesso aos seus dados banc\u00e1rios entrar\u00e1 em vigor em 90 dias, tamb\u00e9m a contar de 18 de janeiro.<\/span><\/p>\n<h3><span style=\"font-size: 18px;\">Como \u00e9 a prova de vida hoje, ainda sem as mudan\u00e7as da MP<\/span><\/h3>\n<p><span style=\"font-size: 18px;\"><strong>Quando se deve fazer a prova de vida?<\/strong><\/span><\/p>\n<p><span style=\"font-size: 18px;\">A rotina \u00e9 cumprida anualmente pela rede banc\u00e1ria, que determina a data da forma mais adequada: existem bancos que utilizam a data do anivers\u00e1rio do benefici\u00e1rio, outros utilizam a data de anivers\u00e1rio do benef\u00edcio, assim como h\u00e1 os que convocam o benefici\u00e1rio na compet\u00eancia que antecede o vencimento da f\u00e9 de vida.<\/span><\/p>\n<p><span style=\"font-size: 18px;\"><strong>Tem algu\u00e9m que n\u00e3o precisa comprovar?<\/strong><\/span><\/p>\n<p><span style=\"font-size: 18px;\">Somente quem come\u00e7ou a receber o benef\u00edcio h\u00e1 menos de um ano. Nesse caso, o INSS considera que o ato de concess\u00e3o j\u00e1 valeu como prova de vida.<\/span><\/p>\n<p><span style=\"font-size: 18px;\"><strong>Como funciona a comprova\u00e7\u00e3o?<\/strong><\/span><\/p>\n<p><span style=\"font-size: 18px;\">O segurado deve ir \u00e0 ag\u00eancia do seu banco pagador, onde habitualmente recebe o benef\u00edcio, e realizar a comprova\u00e7\u00e3o. N\u00e3o h\u00e1 necessidade de ir at\u00e9 uma ag\u00eancia da Previd\u00eancia Social. Algumas institui\u00e7\u00f5es com sistemas de biometria (impress\u00e3o digital em leitor \u00f3tico) est\u00e3o utilizando essa tecnologia.<\/span><\/p>\n<p><span style=\"font-size: 18px;\"><strong>Quais documentos s\u00e3o necess\u00e1rios?<\/strong><\/span><\/p>\n<p><span style=\"font-size: 18px;\">Documento de identifica\u00e7\u00e3o com foto e de f\u00e9 p\u00fablica (carteira de identidade, carteira de trabalho, carteira nacional de habilita\u00e7\u00e3o, entre outros). Quem n\u00e3o tiver documento precisar\u00e1 providenciar a segunda via de algum deles para fazer a prova de vida.<\/span><\/p>\n<p><span style=\"font-size: 18px;\"><strong>E se o benefici\u00e1rio n\u00e3o pode ir ao banco por doen\u00e7a?<\/strong><\/span><\/p>\n<p><span style=\"font-size: 18px;\">Nesse caso, o procedimento poder\u00e1 ser realizado no banco por um procurador cadastrado no INSS. Ele ter\u00e1 tamb\u00e9m de levar os documentos do segurado, al\u00e9m dos dele pr\u00f3prio.<\/span><\/p>\n<p><span style=\"font-size: 18px;\"><strong>Como se faz para cadastrar um procurador no INSS?<\/strong><\/span><\/p>\n<p><span style=\"font-size: 18px;\">Para se cadastrar no INSS, o procurador dever\u00e1 comparecer a uma ag\u00eancia da Previd\u00eancia Social com procura\u00e7\u00e3o devidamente assinada e apresentar o atestado m\u00e9dico (emitido nos \u00faltimos 30 dias) que comprove a impossibilidade de locomo\u00e7\u00e3o do benefici\u00e1rio ou doen\u00e7a contagiosa.<\/span><\/p>\n<p><span style=\"font-size: 18px;\"><strong>O que acontece com quem n\u00e3o realizar a prova?<\/strong><\/span><\/p>\n<p><span style=\"font-size: 18px;\">Quem n\u00e3o fizer no final de 12 meses da \u00faltima comprova\u00e7\u00e3o ter\u00e1 seu pagamento interrompido. Ap\u00f3s seis meses sem comprova\u00e7\u00e3o de vida, o benef\u00edcio \u00e9 cessado.<\/span><\/p>\n<p style=\"text-align: right;\"><span style=\"background-color: #ffffff; color: #ff0000;\"><em>Fonte: JusBrasil<\/em><\/span><\/p>\n<p>&nbsp;<\/p>\n<p class=\"wpf_wrapper\"><a class=\"print_link\" href=\"\" target=\"_blank\">Preparar para impress\u00e3o<\/a><\/p><!-- .wpf_wrapper -->","protected":false},"excerpt":{"rendered":"<p>A Medida Provis\u00f3ria (MP)\u00a0871, publicada em 18 de janeiro com a inten\u00e7\u00e3o de reduzir fraudes contra o Instituto Nacional do&hellip; <\/p>\n","protected":false},"author":1,"featured_media":0,"comment_status":"closed","ping_status":"closed","sticky":false,"template":"","format":"standard","meta":{"footnotes":""},"categories":[7],"tags":[],"class_list":["post-12232","post","type-post","status-publish","format-standard","hentry","category-noticias"],"jetpack_featured_media_url":"","_links":{"self":[{"href":"https:\/\/sindesvdf.com.br\/news\/wp-json\/wp\/v2\/posts\/12232","targetHints":{"allow":["GET"]}}],"collection":[{"href":"https:\/\/sindesvdf.com.br\/news\/wp-json\/wp\/v2\/posts"}],"about":[{"href":"https:\/\/sindesvdf.com.br\/news\/wp-json\/wp\/v2\/types\/post"}],"author":[{"embeddable":true,"href":"https:\/\/sindesvdf.com.br\/news\/wp-json\/wp\/v2\/users\/1"}],"replies":[{"embeddable":true,"href":"https:\/\/sindesvdf.com.br\/news\/wp-json\/wp\/v2\/comments?post=12232"}],"version-history":[{"count":1,"href":"https:\/\/sindesvdf.com.br\/news\/wp-json\/wp\/v2\/posts\/12232\/revisions"}],"predecessor-version":[{"id":12234,"href":"https:\/\/sindesvdf.com.br\/news\/wp-json\/wp\/v2\/posts\/12232\/revisions\/12234"}],"wp:attachment":[{"href":"https:\/\/sindesvdf.com.br\/news\/wp-json\/wp\/v2\/media?parent=12232"}],"wp:term":[{"taxonomy":"category","embeddable":true,"href":"https:\/\/sindesvdf.com.br\/news\/wp-json\/wp\/v2\/categories?post=12232"},{"taxonomy":"post_tag","embeddable":true,"href":"https:\/\/sindesvdf.com.br\/news\/wp-json\/wp\/v2\/tags?post=12232"}],"curies":[{"name":"wp","href":"https:\/\/api.w.org\/{rel}","templated":true}]}}