{"id":12246,"date":"2019-02-05T14:34:22","date_gmt":"2019-02-05T16:34:22","guid":{"rendered":"http:\/\/sindesvdf.com.br\/news\/?p=12246"},"modified":"2019-02-05T14:37:26","modified_gmt":"2019-02-05T16:37:26","slug":"previdencia-governo-vai-propor-65-anos-para-homens-e-mulheres","status":"publish","type":"post","link":"https:\/\/sindesvdf.com.br\/news\/previdencia-governo-vai-propor-65-anos-para-homens-e-mulheres\/","title":{"rendered":"Previd\u00eancia: governo vai propor 65 anos para homens e mulheres"},"content":{"rendered":"<div class=\"d-1of4 t-all column_social\">\n<div id=\"sticky-wrapper\" class=\"sticky-wrapper\">\n<div class=\"share-internal\">\n<div class=\"box_share_int\"><\/div>\n<div>\n<figure id=\"attachment_12247\" aria-describedby=\"caption-attachment-12247\" style=\"width: 700px\" class=\"wp-caption aligncenter\"><img loading=\"lazy\" decoding=\"async\" class=\"wp-image-12247 size-full\" src=\"http:\/\/sindesvdf.com.br\/news\/wp-content\/uploads\/2019\/02\/aposentadoria.png\" alt=\"\" width=\"700\" height=\"400\" srcset=\"https:\/\/sindesvdf.com.br\/news\/wp-content\/uploads\/2019\/02\/aposentadoria.png 700w, https:\/\/sindesvdf.com.br\/news\/wp-content\/uploads\/2019\/02\/aposentadoria-300x171.png 300w, https:\/\/sindesvdf.com.br\/news\/wp-content\/uploads\/2019\/02\/aposentadoria-150x86.png 150w, https:\/\/sindesvdf.com.br\/news\/wp-content\/uploads\/2019\/02\/aposentadoria-250x143.png 250w\" sizes=\"auto, (max-width: 700px) 100vw, 700px\" \/><figcaption id=\"caption-attachment-12247\" class=\"wp-caption-text\">A reforma encerra a possibilidade de aposentadoria por tempo de contribui\u00e7\u00e3o e deve ser enviada at\u00e9 o final do m\u00eas ao Congresso<\/figcaption><\/figure>\n<p><span style=\"font-size: 18px;\">O governo Jair Bolsonaro vai propor idade m\u00ednima de 65 anos para homens e mulheres se aposentarem no Brasil, segundo minuta da Proposta de Emenda \u00e0 Constitui\u00e7\u00e3o (PEC).<\/span><\/p>\n<\/div>\n<\/div>\n<\/div>\n<\/div>\n<div id=\"content_post\" class=\"d-3of4 t-all\">\n<p><span style=\"font-size: 18px;\">O texto foi confirmado por tr\u00eas fontes que participam da elabora\u00e7\u00e3o da reforma. Duas fontes da \u00e1rea econ\u00f4mica confirmaram que se trata da vers\u00e3o preliminar e ainda \u00e9 poss\u00edvel que haja mudan\u00e7as. Ainda h\u00e1 discuss\u00e3o, por exemplo, sobre se a idade m\u00ednima final ser\u00e1 a mesma para homens e mulheres.<\/span><\/p>\n<p><span style=\"font-size: 18px;\">A PEC prev\u00ea que a idade m\u00ednima poder\u00e1 ser definida por lei complementar, mas cria regras transit\u00f3rias at\u00e9 aprova\u00e7\u00e3o dos projetos de lei. Essa foi a sa\u00edda encontrada pelos t\u00e9cnicos para evitar uma \u201cenxurrada\u201d de propostas legislativas sobre a Previd\u00eancia no in\u00edcio dos trabalhos do Congresso Nacional.<\/span><\/p>\n<p><span style=\"font-size: 18px;\">Atualmente, h\u00e1 duas formas de se aposentar. Por idade, com a exig\u00eancia de ter 65 anos (homens) e 60 anos (mulheres), com no m\u00ednimo 15 anos de contribui\u00e7\u00e3o. Ou por tempo de contribui\u00e7\u00e3o, quando n\u00e3o se exige idade m\u00ednima, mas s\u00e3o necess\u00e1rios 35 anos (homens) e 30 anos (mulheres) de pagamentos ao INSS. A reforma, que deve ser enviada pelo governo Bolsonaro at\u00e9 o fim do m\u00eas ao Congresso, acaba com a possibilidade de se aposentar por tempo de contribui\u00e7\u00e3o.<\/span><\/p>\n<p><span style=\"font-size: 18px;\">A proposta, que tinha sido encaminhada pelo ex-presidente Michel Temer, institu\u00eda a idade m\u00ednima de 65 anos para homens e 62 anos para mulheres.<\/span><\/p>\n<p><span style=\"font-size: 18px;\">A proposta de reforma da Previd\u00eancia vincula a aposentadoria dos militares estaduais \u00e0 das For\u00e7as Armadas. Leis complementares v\u00e3o estabelecer as regras gerais de organiza\u00e7\u00e3o e funcionamento do regime pr\u00f3prio de previd\u00eancia de policiais militares e integrantes do Corpo de Bombeiros, com car\u00e1ter contributivo e solid\u00e1rio.<\/span><\/p>\n<p style=\"text-align: right;\"><em><span style=\"color: #ff0000;\">Fonte: Metr\u00f3poles<\/span><\/em><\/p>\n<\/div>\n<p class=\"wpf_wrapper\"><a class=\"print_link\" href=\"\" target=\"_blank\">Preparar para impress\u00e3o<\/a><\/p><!-- .wpf_wrapper -->","protected":false},"excerpt":{"rendered":"<p>O governo Jair Bolsonaro vai propor idade m\u00ednima de 65 anos para homens e mulheres se aposentarem no Brasil, segundo&hellip; <\/p>\n","protected":false},"author":1,"featured_media":0,"comment_status":"closed","ping_status":"closed","sticky":false,"template":"","format":"standard","meta":{"footnotes":""},"categories":[7],"tags":[],"class_list":["post-12246","post","type-post","status-publish","format-standard","hentry","category-noticias"],"jetpack_featured_media_url":"","_links":{"self":[{"href":"https:\/\/sindesvdf.com.br\/news\/wp-json\/wp\/v2\/posts\/12246","targetHints":{"allow":["GET"]}}],"collection":[{"href":"https:\/\/sindesvdf.com.br\/news\/wp-json\/wp\/v2\/posts"}],"about":[{"href":"https:\/\/sindesvdf.com.br\/news\/wp-json\/wp\/v2\/types\/post"}],"author":[{"embeddable":true,"href":"https:\/\/sindesvdf.com.br\/news\/wp-json\/wp\/v2\/users\/1"}],"replies":[{"embeddable":true,"href":"https:\/\/sindesvdf.com.br\/news\/wp-json\/wp\/v2\/comments?post=12246"}],"version-history":[{"count":1,"href":"https:\/\/sindesvdf.com.br\/news\/wp-json\/wp\/v2\/posts\/12246\/revisions"}],"predecessor-version":[{"id":12248,"href":"https:\/\/sindesvdf.com.br\/news\/wp-json\/wp\/v2\/posts\/12246\/revisions\/12248"}],"wp:attachment":[{"href":"https:\/\/sindesvdf.com.br\/news\/wp-json\/wp\/v2\/media?parent=12246"}],"wp:term":[{"taxonomy":"category","embeddable":true,"href":"https:\/\/sindesvdf.com.br\/news\/wp-json\/wp\/v2\/categories?post=12246"},{"taxonomy":"post_tag","embeddable":true,"href":"https:\/\/sindesvdf.com.br\/news\/wp-json\/wp\/v2\/tags?post=12246"}],"curies":[{"name":"wp","href":"https:\/\/api.w.org\/{rel}","templated":true}]}}