{"id":12249,"date":"2019-02-06T15:03:12","date_gmt":"2019-02-06T17:03:12","guid":{"rendered":"http:\/\/sindesvdf.com.br\/news\/?p=12249"},"modified":"2019-02-06T15:03:54","modified_gmt":"2019-02-06T17:03:54","slug":"sindicato-encaminha-oficio-a-secretaria-da-fazenda-cobrando-o-pagamento-do-tiquete-alimentacao","status":"publish","type":"post","link":"https:\/\/sindesvdf.com.br\/news\/sindicato-encaminha-oficio-a-secretaria-da-fazenda-cobrando-o-pagamento-do-tiquete-alimentacao\/","title":{"rendered":"Sindicato encaminha of\u00edcio \u00e0 Secretaria da Fazenda cobrando o pagamento do t\u00edquete alimenta\u00e7\u00e3o"},"content":{"rendered":"<p><img loading=\"lazy\" decoding=\"async\" class=\"aligncenter size-full wp-image-12250\" src=\"http:\/\/sindesvdf.com.br\/news\/wp-content\/uploads\/2019\/02\/t\u00edquete.png\" alt=\"\" width=\"700\" height=\"400\" srcset=\"https:\/\/sindesvdf.com.br\/news\/wp-content\/uploads\/2019\/02\/t\u00edquete.png 700w, https:\/\/sindesvdf.com.br\/news\/wp-content\/uploads\/2019\/02\/t\u00edquete-300x171.png 300w, https:\/\/sindesvdf.com.br\/news\/wp-content\/uploads\/2019\/02\/t\u00edquete-150x86.png 150w, https:\/\/sindesvdf.com.br\/news\/wp-content\/uploads\/2019\/02\/t\u00edquete-250x143.png 250w\" sizes=\"auto, (max-width: 700px) 100vw, 700px\" \/><\/p>\n<p><span style=\"font-size: 18px;\">No dia 06\/02, quarta-feira, a dire\u00e7\u00e3o do SINDESV-DF protocolou documento endere\u00e7ado ao Secret\u00e1rio da Fazenda do Distrito Federal, informando que as empresas Multserv e Brasfort n\u00e3o efetuaram o pagamento do t\u00edquete alimenta\u00e7\u00e3o aos seus empregados.<\/span><\/p>\n<p><strong><span style=\"font-size: 18px;\">Veja aqui o documento enviado:<\/span><\/strong><\/p>\n<p><img loading=\"lazy\" decoding=\"async\" class=\"alignnone wp-image-12253 size-large\" src=\"http:\/\/sindesvdf.com.br\/news\/wp-content\/uploads\/2019\/02\/Brasfort-01-559x790.jpg\" alt=\"\" width=\"559\" height=\"790\" srcset=\"https:\/\/sindesvdf.com.br\/news\/wp-content\/uploads\/2019\/02\/Brasfort-01-559x790.jpg 559w, https:\/\/sindesvdf.com.br\/news\/wp-content\/uploads\/2019\/02\/Brasfort-01-212x300.jpg 212w, https:\/\/sindesvdf.com.br\/news\/wp-content\/uploads\/2019\/02\/Brasfort-01-106x150.jpg 106w, https:\/\/sindesvdf.com.br\/news\/wp-content\/uploads\/2019\/02\/Brasfort-01.jpg 596w\" sizes=\"auto, (max-width: 559px) 100vw, 559px\" \/><\/p>\n<p class=\"wpf_wrapper\"><a class=\"print_link\" href=\"\" target=\"_blank\">Preparar para impress\u00e3o<\/a><\/p><!-- .wpf_wrapper -->","protected":false},"excerpt":{"rendered":"<p>No dia 06\/02, quarta-feira, a dire\u00e7\u00e3o do SINDESV-DF protocolou documento endere\u00e7ado ao Secret\u00e1rio da Fazenda do Distrito Federal, informando que&hellip; <\/p>\n","protected":false},"author":1,"featured_media":0,"comment_status":"closed","ping_status":"closed","sticky":false,"template":"","format":"standard","meta":{"footnotes":""},"categories":[7],"tags":[],"class_list":["post-12249","post","type-post","status-publish","format-standard","hentry","category-noticias"],"jetpack_featured_media_url":"","_links":{"self":[{"href":"https:\/\/sindesvdf.com.br\/news\/wp-json\/wp\/v2\/posts\/12249","targetHints":{"allow":["GET"]}}],"collection":[{"href":"https:\/\/sindesvdf.com.br\/news\/wp-json\/wp\/v2\/posts"}],"about":[{"href":"https:\/\/sindesvdf.com.br\/news\/wp-json\/wp\/v2\/types\/post"}],"author":[{"embeddable":true,"href":"https:\/\/sindesvdf.com.br\/news\/wp-json\/wp\/v2\/users\/1"}],"replies":[{"embeddable":true,"href":"https:\/\/sindesvdf.com.br\/news\/wp-json\/wp\/v2\/comments?post=12249"}],"version-history":[{"count":2,"href":"https:\/\/sindesvdf.com.br\/news\/wp-json\/wp\/v2\/posts\/12249\/revisions"}],"predecessor-version":[{"id":12254,"href":"https:\/\/sindesvdf.com.br\/news\/wp-json\/wp\/v2\/posts\/12249\/revisions\/12254"}],"wp:attachment":[{"href":"https:\/\/sindesvdf.com.br\/news\/wp-json\/wp\/v2\/media?parent=12249"}],"wp:term":[{"taxonomy":"category","embeddable":true,"href":"https:\/\/sindesvdf.com.br\/news\/wp-json\/wp\/v2\/categories?post=12249"},{"taxonomy":"post_tag","embeddable":true,"href":"https:\/\/sindesvdf.com.br\/news\/wp-json\/wp\/v2\/tags?post=12249"}],"curies":[{"name":"wp","href":"https:\/\/api.w.org\/{rel}","templated":true}]}}